{"id":40249,"date":"2023-05-05T17:03:34","date_gmt":"2023-05-05T23:03:34","guid":{"rendered":"https:\/\/encuentroinformativo.com.mx\/?p=40249"},"modified":"2023-05-05T17:03:37","modified_gmt":"2023-05-05T23:03:37","slug":"continua-investigacion-por-caso-de-fatima-senala-fiscalia","status":"publish","type":"post","link":"https:\/\/encuentroinformativo.com.mx\/?p=40249","title":{"rendered":"Contin\u00faa investigaci\u00f3n por caso de F\u00e1tima, se\u00f1ala Fiscal\u00eda"},"content":{"rendered":"\n<p><strong>Dar\u00edo Pale <\/strong><\/p>\n\n\n\n<p>Xalapa, Ver.- Confirma Fiscal General del Estado (FGE), Ver\u00f3nica Hern\u00e1ndez Guiad\u00e1ns las denuncias contra habitantes de Amatl\u00e1n por toma de Palacio Municipal, define que por secrec\u00eda no puede dar informaci\u00f3n sobre investigaci\u00f3n de F\u00e1tima, esquiva decir si investigan red de trata.<\/p>\n\n\n\n<p>Entrevistada posterior a la jura de bandera en el 63 Batall\u00f3n de Infanter\u00eda se\u00f1al\u00f3 que despu\u00e9s de la toma del palacio municipal de Amatl\u00e1n por parte de habitantes quienes se oponen a la construcci\u00f3n de un centro de transferencia de residuos s\u00f3lidos en terrenos de C\u00f3rdoba que colindan con ese municipio; la fiscal confirm\u00f3 que hay denuncias penales, pero todav\u00eda no se tipifica el o los delitos.<\/p>\n\n\n\n<p>Los inconformes mantienen tomado el palacio municipal desde el pasado 25 de abril para mostrar su oposici\u00f3n al proyecto, coment\u00f3 que se est\u00e1n atendiendo las denuncias y que por secrec\u00eda de las indagatorias no pod\u00eda compartir mayor informaci\u00f3n.<\/p>\n\n\n\n<p>&#8220;Efectivamente hay denuncias interpuestas y se iniciaron las carpetas de investigaci\u00f3n. Ellos interponen una denuncia, se est\u00e1 validando qu\u00e9 delitos pudieran tipificarse y, de esa manera, llevar a cabo la investigaci\u00f3n&#8221;, se\u00f1al\u00f3.<\/p>\n\n\n\n<p>Aclar\u00f3 que no pod\u00eda decir cu\u00e1nto tiempo se podr\u00eda llevar la investigaci\u00f3n, ya que esta est\u00e1 abierta.<\/p>\n\n\n\n<p>Por otra parte, Hern\u00e1ndez Giad\u00e1ns dijo que as\u00ed como procedieron en contra de un juez del Poder Judicial, han procedido en contra de funcionarios de la Fiscal\u00eda, lo que da muestra de que no hay impunidad.<\/p>\n\n\n\n<p>&#8220;Hemos dado muestra de que no hay impunidad, no hay intocables y si \u00a0hay elementos contra quien sea, hemos procedido&#8221;, coment\u00f3.<\/p>\n\n\n\n<p>Refiri\u00f3 el caso del juez de Proceso Penal del Distrito Judicial de Coatzacoalcos, Florencio Hern\u00e1ndez, quien fue detenido por el presunto delito de cohecho.<\/p>\n\n\n\n<p>Luego de ser detenido en esta capital se inform\u00f3 que el juez habr\u00eda recibido sobornos en efectivo para dejar en libertad a cuando menos 20 personas que presentaron sus quejas ante el Consejo de la Judicatura, por lo que incluso ya est\u00e1 vinculado a proceso.<\/p>\n\n\n\n<p>&#8220;Existieron los elementos para judicializar esa carpeta y pues al igual que muchos fiscales, policias, peritos y cualquier servidor de algunas otras dependencias, si hay los elementos, vamos a proceder&#8221;, asegur\u00f3.<\/p>\n\n\n\n<p>La Fiscal asegur\u00f3 que no ha sido recurrente que procedan contra funcionarios del organismo aut\u00f3nomo a su cargo, pero cuando hay elementos para hacerlo, se comparte la informaci\u00f3n a trav\u00e9s de los boletines.<\/p>\n\n\n\n<p>Manifest\u00f3 que lo que se busca en todas las instituciones es transparentar el trabajo que se hace y recobrar el respeto y la confianza en la instituci\u00f3n.<\/p>\n\n\n\n<p>En otro tema, sobre la muerte de una mujer en el municipio de Perote y de la cual ya hab\u00eda aclarado que no muri\u00f3 por lesiones sino que se trat\u00f3 de un suicidio, sostuvo que se le dio a conocer a la familia cu\u00e1l fue la causa, no fue por golpes.<\/p>\n\n\n\n<p>Aclar\u00f3 que no existe ning\u00fan antecedente en la Fiscal\u00eda sobre violencia intrafamiliar de la v\u00edctima.<\/p>\n\n\n\n<p>En el caso de la joven desaparecida en el municipio de Villa Aldama, F\u00e1tima Gonz\u00e1lez Patlas, sostuvo que s\u00ed est\u00e1n atendiendo a la familia, y por secrec\u00eda no pod\u00eda compartir mayor informaci\u00f3n.<\/p>\n\n\n\n<p>&#8220;Tengan confianza en el trabajo que hace Fiscal\u00eda y cuando sea el momento procesal oportuno&#8230; de todos los eventos hemos dado informaci\u00f3n&#8221;, asever\u00f3.<\/p>\n\n\n\n<p>Neg\u00f3 dar Informaci\u00f3n si la investigaci\u00f3n va detr\u00e1s de una red de trata de personas como ha insistido la t\u00eda de F\u00e1tima, la se\u00f1ora Rub\u00ed Romero Gonz\u00e1lez.<\/p>\n\n\n\n<p>Finalmente se\u00f1al\u00f3 que, &#8220;se est\u00e1 atendiendo conforme a Derecho y en su momento dar\u00e9 la informaci\u00f3n&#8221;.<\/p>\n","protected":false},"excerpt":{"rendered":"<p>Dar\u00edo Pale Xalapa, Ver.- Confirma Fiscal General del Estado (FGE), Ver\u00f3nica Hern\u00e1ndez Guiad\u00e1ns las denuncias contra habitantes de Amatl\u00e1n por toma de Palacio Municipal, define que por secrec\u00eda no puede dar informaci\u00f3n sobre investigaci\u00f3n de F\u00e1tima, esquiva decir si investigan red de trata. Entrevistada posterior a la jura de bandera en el 63 Batall\u00f3n de [&hellip;]<\/p>\n","protected":false},"author":2476,"featured_media":40250,"comment_status":"open","ping_status":"open","sticky":false,"template":"","format":"standard","meta":{"_jetpack_memberships_contains_paid_content":false,"footnotes":""},"categories":[2],"tags":[],"class_list":["post-40249","post","type-post","status-publish","format-standard","has-post-thumbnail","hentry","category-estado"],"jetpack_featured_media_url":"https:\/\/encuentroinformativo.com.mx\/wp-content\/uploads\/2023\/05\/IMG-20230505-WA00222.jpg","jetpack_sharing_enabled":true,"jetpack_likes_enabled":true,"amp_enabled":true,"_links":{"self":[{"href":"https:\/\/encuentroinformativo.com.mx\/index.php?rest_route=\/wp\/v2\/posts\/40249","targetHints":{"allow":["GET"]}}],"collection":[{"href":"https:\/\/encuentroinformativo.com.mx\/index.php?rest_route=\/wp\/v2\/posts"}],"about":[{"href":"https:\/\/encuentroinformativo.com.mx\/index.php?rest_route=\/wp\/v2\/types\/post"}],"author":[{"embeddable":true,"href":"https:\/\/encuentroinformativo.com.mx\/index.php?rest_route=\/wp\/v2\/users\/2476"}],"replies":[{"embeddable":true,"href":"https:\/\/encuentroinformativo.com.mx\/index.php?rest_route=%2Fwp%2Fv2%2Fcomments&post=40249"}],"version-history":[{"count":1,"href":"https:\/\/encuentroinformativo.com.mx\/index.php?rest_route=\/wp\/v2\/posts\/40249\/revisions"}],"predecessor-version":[{"id":40251,"href":"https:\/\/encuentroinformativo.com.mx\/index.php?rest_route=\/wp\/v2\/posts\/40249\/revisions\/40251"}],"wp:featuredmedia":[{"embeddable":true,"href":"https:\/\/encuentroinformativo.com.mx\/index.php?rest_route=\/wp\/v2\/media\/40250"}],"wp:attachment":[{"href":"https:\/\/encuentroinformativo.com.mx\/index.php?rest_route=%2Fwp%2Fv2%2Fmedia&parent=40249"}],"wp:term":[{"taxonomy":"category","embeddable":true,"href":"https:\/\/encuentroinformativo.com.mx\/index.php?rest_route=%2Fwp%2Fv2%2Fcategories&post=40249"},{"taxonomy":"post_tag","embeddable":true,"href":"https:\/\/encuentroinformativo.com.mx\/index.php?rest_route=%2Fwp%2Fv2%2Ftags&post=40249"}],"curies":[{"name":"wp","href":"https:\/\/api.w.org\/{rel}","templated":true}]}}