{"id":40263,"date":"2023-05-06T00:23:52","date_gmt":"2023-05-06T06:23:52","guid":{"rendered":"https:\/\/encuentroinformativo.com.mx\/?p=40263"},"modified":"2023-05-06T00:23:55","modified_gmt":"2023-05-06T06:23:55","slug":"asistio-rocio-nahle-a-juego-de-basquetbol","status":"publish","type":"post","link":"https:\/\/encuentroinformativo.com.mx\/?p=40263","title":{"rendered":"Asisti\u00f3 Roc\u00edo Nahle a juego de b\u00e1squetbol"},"content":{"rendered":"\n<p><strong>Alejandro \u00c1vila<\/strong><\/p>\n\n\n\n<p>Veracruz, Ver.- La secretar\u00eda de Energ\u00eda, Roc\u00edo Nahle Garc\u00eda, visit\u00f3 el puerto de Veracruz para acudir al primer encuentro de la Liga Femenil de B\u00e1squetbol Profesional, que se llev\u00f3 a cabo en el auditorio &#8220;Benito Ju\u00e1rez&#8221;.<\/p>\n\n\n\n<p>La funcionaria Federal dijo en breve entrevista que fue invitada por el gobernador, Cuitl\u00e1huac Garc\u00eda Jim\u00e9nez, adem\u00e1s asegur\u00f3 que durante muchos a\u00f1os practic\u00f3 el deporte r\u00e1faga.<\/p>\n\n\n\n<p>&#8220;Este es mi deporte lo jugu\u00e9 much\u00edsimos a\u00f1os y es padr\u00edsimo, es precioso, y un gusto estar aqu\u00ed hoy en Veracruz. Mi gobernador hoy me hizo el favor de invitarme y estoy feliz&#8221;, se\u00f1al\u00f3.<\/p>\n\n\n\n<p>La virtual candidata a la gubernatura de Veracruz por Morena presenci\u00f3 todo el encuentro acompa\u00f1ada del gobernador, Cuitl\u00e1huac Garc\u00eda Jim\u00e9nez; y el secretario de Turismo, Iv\u00e1n Mart\u00ednez Olvera.<\/p>\n\n\n\n<p>Adem\u00e1s de ser el primer juego de la temporada, el encuentro era especial, pues se desarroll\u00f3 la primera edici\u00f3n femenil del cl\u00e1sico veracruzano, el cual enfrent\u00f3 a Rojas de Veracruz y Halconas Xalapa, llev\u00e1ndose el triunfo las capitalinas, por marcador de 65 a 75.<\/p>\n","protected":false},"excerpt":{"rendered":"<p>Alejandro \u00c1vila Veracruz, Ver.- La secretar\u00eda de Energ\u00eda, Roc\u00edo Nahle Garc\u00eda, visit\u00f3 el puerto de Veracruz para acudir al primer encuentro de la Liga Femenil de B\u00e1squetbol Profesional, que se llev\u00f3 a cabo en el auditorio &#8220;Benito Ju\u00e1rez&#8221;. La funcionaria Federal dijo en breve entrevista que fue invitada por el gobernador, Cuitl\u00e1huac Garc\u00eda Jim\u00e9nez, adem\u00e1s [&hellip;]<\/p>\n","protected":false},"author":2476,"featured_media":40264,"comment_status":"open","ping_status":"open","sticky":false,"template":"","format":"standard","meta":{"_jetpack_memberships_contains_paid_content":false,"footnotes":""},"categories":[2],"tags":[],"class_list":["post-40263","post","type-post","status-publish","format-standard","has-post-thumbnail","hentry","category-estado"],"jetpack_featured_media_url":"https:\/\/encuentroinformativo.com.mx\/wp-content\/uploads\/2023\/05\/IMG-20230505-WA0063.jpg","jetpack_sharing_enabled":true,"jetpack_likes_enabled":true,"amp_enabled":true,"_links":{"self":[{"href":"https:\/\/encuentroinformativo.com.mx\/index.php?rest_route=\/wp\/v2\/posts\/40263","targetHints":{"allow":["GET"]}}],"collection":[{"href":"https:\/\/encuentroinformativo.com.mx\/index.php?rest_route=\/wp\/v2\/posts"}],"about":[{"href":"https:\/\/encuentroinformativo.com.mx\/index.php?rest_route=\/wp\/v2\/types\/post"}],"author":[{"embeddable":true,"href":"https:\/\/encuentroinformativo.com.mx\/index.php?rest_route=\/wp\/v2\/users\/2476"}],"replies":[{"embeddable":true,"href":"https:\/\/encuentroinformativo.com.mx\/index.php?rest_route=%2Fwp%2Fv2%2Fcomments&post=40263"}],"version-history":[{"count":1,"href":"https:\/\/encuentroinformativo.com.mx\/index.php?rest_route=\/wp\/v2\/posts\/40263\/revisions"}],"predecessor-version":[{"id":40265,"href":"https:\/\/encuentroinformativo.com.mx\/index.php?rest_route=\/wp\/v2\/posts\/40263\/revisions\/40265"}],"wp:featuredmedia":[{"embeddable":true,"href":"https:\/\/encuentroinformativo.com.mx\/index.php?rest_route=\/wp\/v2\/media\/40264"}],"wp:attachment":[{"href":"https:\/\/encuentroinformativo.com.mx\/index.php?rest_route=%2Fwp%2Fv2%2Fmedia&parent=40263"}],"wp:term":[{"taxonomy":"category","embeddable":true,"href":"https:\/\/encuentroinformativo.com.mx\/index.php?rest_route=%2Fwp%2Fv2%2Fcategories&post=40263"},{"taxonomy":"post_tag","embeddable":true,"href":"https:\/\/encuentroinformativo.com.mx\/index.php?rest_route=%2Fwp%2Fv2%2Ftags&post=40263"}],"curies":[{"name":"wp","href":"https:\/\/api.w.org\/{rel}","templated":true}]}}