{"id":4027,"date":"2020-07-12T12:08:36","date_gmt":"2020-07-12T17:08:36","guid":{"rendered":"https:\/\/encuentroinformativo.com\/?p=4027"},"modified":"2020-07-12T12:08:38","modified_gmt":"2020-07-12T17:08:38","slug":"frena-pandemia-trabajos-de-reforestacion-en-xalapa","status":"publish","type":"post","link":"https:\/\/encuentroinformativo.com.mx\/?p=4027","title":{"rendered":"Frena pandemia trabajos de reforestaci\u00f3n en Xalapa"},"content":{"rendered":"\n<p><strong>Juan Arcos <\/strong><\/p>\n\n\n\n<p>Xalapa, Ver.- La meta de reforestaci\u00f3n en Xalapa se ha visto rezagada por la pandemia del COVID-19.<\/p>\n\n\n\n<p>As\u00ed lo revel\u00f3 la encargada de la Campa\u00f1a de Reforestaci\u00f3n y responsable del vivero El Haya, Yaneth Aburto Contreras, quien a\u00f1adi\u00f3 que la meta anual es de entre tres y cinco mil \u00e1rboles sembrados.<\/p>\n\n\n\n<p>\u201cDebido a la contingencia sanitaria est\u00e1 un poco en problemas esta meta, pero vamos a tratar de cumplirla lo m\u00e1s posible\u201d.<\/p>\n\n\n\n<p>Como parte de la celebraci\u00f3n del D\u00eda del \u00c1rbol, conmemorado en M\u00e9xico el segundo jueves de julio desde 1959, del 9 al 16 de julio ser\u00e1n sembrados 500 \u00e1rboles en distintos puntos de la ciudad.<\/p>\n\n\n\n<p>\u201cPreparamos esta campa\u00f1a de reforestaci\u00f3n, va a ser una semana, en la que estaremos reforestando diversos puntos de la ciudad\u201d, agreg\u00f3 Aburto Contreras.<\/p>\n\n\n\n<p>Estas acciones ser\u00e1n replicadas en los parques Benito Ju\u00e1rez y Bicentenario, as\u00ed como tambi\u00e9n, sobre las avenidas L\u00e1zaro C\u00e1rdenas, Ferrocarril Interoce\u00e1nico y el Retorno 1, 2 y 3 de la Unidad Magisterial.<\/p>\n\n\n\n<p>Solo en el parque Ju\u00e1rez ser\u00edan sembrados 20 \u00e1rboles de distintas especies end\u00e9micas.\u00a0<br>Se trata de ejemplares de Liquid\u00e1mbar, Palo Blanco, Encinos, Fresnos y Palo Zopilote, que son considerados \u201cnativos\u201d en la ciudad capital.<\/p>\n\n\n\n<p>\u201cSe busca rescatar esas especies que muchas veces se est\u00e1n perdiendo y aunque hay una gran diversidad s\u00ed hace falta como esos \u00e1rboles que no los encontramos en otros parques\u201d, remat\u00f3 la encargada de la Campa\u00f1a de Reforestaci\u00f3n.<\/p>\n\n\n\n<p><\/p>\n","protected":false},"excerpt":{"rendered":"<p>Juan Arcos Xalapa, Ver.- La meta de reforestaci\u00f3n en Xalapa se ha visto rezagada por la pandemia del COVID-19. As\u00ed lo revel\u00f3 la encargada de la Campa\u00f1a de Reforestaci\u00f3n y responsable del vivero El Haya, Yaneth Aburto Contreras, quien a\u00f1adi\u00f3 que la meta anual es de entre tres y cinco mil \u00e1rboles sembrados. \u201cDebido a [&hellip;]<\/p>\n","protected":false},"author":1,"featured_media":4028,"comment_status":"open","ping_status":"open","sticky":false,"template":"","format":"standard","meta":{"_jetpack_memberships_contains_paid_content":false,"footnotes":""},"categories":[3],"tags":[],"class_list":["post-4027","post","type-post","status-publish","format-standard","has-post-thumbnail","hentry","category-xalapa"],"jetpack_featured_media_url":"https:\/\/encuentroinformativo.com.mx\/wp-content\/uploads\/2020\/07\/AD3394C3-2A54-4942-AD58-6BCAC12E7018.jpeg","jetpack_sharing_enabled":true,"jetpack_likes_enabled":true,"amp_enabled":true,"_links":{"self":[{"href":"https:\/\/encuentroinformativo.com.mx\/index.php?rest_route=\/wp\/v2\/posts\/4027","targetHints":{"allow":["GET"]}}],"collection":[{"href":"https:\/\/encuentroinformativo.com.mx\/index.php?rest_route=\/wp\/v2\/posts"}],"about":[{"href":"https:\/\/encuentroinformativo.com.mx\/index.php?rest_route=\/wp\/v2\/types\/post"}],"author":[{"embeddable":true,"href":"https:\/\/encuentroinformativo.com.mx\/index.php?rest_route=\/wp\/v2\/users\/1"}],"replies":[{"embeddable":true,"href":"https:\/\/encuentroinformativo.com.mx\/index.php?rest_route=%2Fwp%2Fv2%2Fcomments&post=4027"}],"version-history":[{"count":1,"href":"https:\/\/encuentroinformativo.com.mx\/index.php?rest_route=\/wp\/v2\/posts\/4027\/revisions"}],"predecessor-version":[{"id":4029,"href":"https:\/\/encuentroinformativo.com.mx\/index.php?rest_route=\/wp\/v2\/posts\/4027\/revisions\/4029"}],"wp:featuredmedia":[{"embeddable":true,"href":"https:\/\/encuentroinformativo.com.mx\/index.php?rest_route=\/wp\/v2\/media\/4028"}],"wp:attachment":[{"href":"https:\/\/encuentroinformativo.com.mx\/index.php?rest_route=%2Fwp%2Fv2%2Fmedia&parent=4027"}],"wp:term":[{"taxonomy":"category","embeddable":true,"href":"https:\/\/encuentroinformativo.com.mx\/index.php?rest_route=%2Fwp%2Fv2%2Fcategories&post=4027"},{"taxonomy":"post_tag","embeddable":true,"href":"https:\/\/encuentroinformativo.com.mx\/index.php?rest_route=%2Fwp%2Fv2%2Ftags&post=4027"}],"curies":[{"name":"wp","href":"https:\/\/api.w.org\/{rel}","templated":true}]}}