{"id":40273,"date":"2023-05-06T11:31:36","date_gmt":"2023-05-06T17:31:36","guid":{"rendered":"https:\/\/encuentroinformativo.com.mx\/?p=40273"},"modified":"2023-05-06T11:31:40","modified_gmt":"2023-05-06T17:31:40","slug":"apagones-en-veracruz-afectan-imagen-turistica-cometur","status":"publish","type":"post","link":"https:\/\/encuentroinformativo.com.mx\/?p=40273","title":{"rendered":"&#8220;Apagones&#8221; en Veracruz afectan imagen tur\u00edstica: COMETUR"},"content":{"rendered":"\n<p><strong>Alejandro \u00c1vila<\/strong><\/p>\n\n\n\n<p>Veracruz, Ver.- Los cortes repentinos de energ\u00eda el\u00e9ctrica, conocidos como &#8220;apagones&#8221;, no solo dejan complicaciones en el servicio, sino una afectaci\u00f3n en la imagen tur\u00edstica de Veracruz, que a la postre se traduce en falta de ingreso econ\u00f3mico para la ciudad, mencion\u00f3 el presidente del Consejo Metropolitano de Turismo (COMETUR), Sergio Lois Heredia.<\/p>\n\n\n\n<p>El empresario del ramo tur\u00edstico lament\u00f3 que esta situaci\u00f3n sea constante en la zona conurbada Veracruz &#8211; Boca del R\u00edo, por lo que solicit\u00f3 a la Comisi\u00f3n Federal de Electricidad (CFE) poner especial atenci\u00f3n en este caso, pues no solo se afecta a los empresarios, sino a miles de ciudadanos en diversas colonias.<\/p>\n\n\n\n<p>&#8220;La realidad es que s\u00ed tenemos que continuar mejorando en el tema de las instalaciones, para que como ciudad no estemos sufriendo esto, tanto los que vivimos aqu\u00ed, como los que nos visitan, que en el caso del s\u00e1bado pasado los que nos visitan sufrieron bastante, y desafortunadamente el d\u00eda s\u00e1bado en espec\u00edfico, pues s\u00ed se les dio una mala imagen como ciudad&#8221;, asest\u00f3.<\/p>\n\n\n\n<p>Sergio Lois dijo que esta no es la primera ocasi\u00f3n que durante un puente vacacional se quedan sin energ\u00eda el\u00e9ctrica; sin embargo, coment\u00f3 en otras ocasiones la atenci\u00f3n y el regreso de la luz ha sido m\u00e1s r\u00e1pido, y la molestia de los clientes o afectaciones al servicio han sido m\u00ednimas.<\/p>\n\n\n\n<p>&#8220;A veces las solicitudes se atienden r\u00e1pido, otras veces un poco m\u00e1s lento, el s\u00e1bado pasado es cuando yo creo que m\u00e1s tiempo hemos estado sin energ\u00eda el\u00e9ctrica, desafortunadamente as\u00ed fue, s\u00ed hubo afectaciones econ\u00f3micas, definitivamente, y de imagen para la ciudad, creo que todo se junt\u00f3 para que as\u00ed fuera, esperemos que no vuelva a pasar&#8221;, remat\u00f3.<\/p>\n","protected":false},"excerpt":{"rendered":"<p>Alejandro \u00c1vila Veracruz, Ver.- Los cortes repentinos de energ\u00eda el\u00e9ctrica, conocidos como &#8220;apagones&#8221;, no solo dejan complicaciones en el servicio, sino una afectaci\u00f3n en la imagen tur\u00edstica de Veracruz, que a la postre se traduce en falta de ingreso econ\u00f3mico para la ciudad, mencion\u00f3 el presidente del Consejo Metropolitano de Turismo (COMETUR), Sergio Lois Heredia. [&hellip;]<\/p>\n","protected":false},"author":2476,"featured_media":40274,"comment_status":"open","ping_status":"open","sticky":false,"template":"","format":"standard","meta":{"_jetpack_memberships_contains_paid_content":false,"footnotes":""},"categories":[2],"tags":[],"class_list":["post-40273","post","type-post","status-publish","format-standard","has-post-thumbnail","hentry","category-estado"],"jetpack_featured_media_url":"https:\/\/encuentroinformativo.com.mx\/wp-content\/uploads\/2023\/05\/IMG-20230506-WA0009.jpg","jetpack_sharing_enabled":true,"jetpack_likes_enabled":true,"amp_enabled":true,"_links":{"self":[{"href":"https:\/\/encuentroinformativo.com.mx\/index.php?rest_route=\/wp\/v2\/posts\/40273","targetHints":{"allow":["GET"]}}],"collection":[{"href":"https:\/\/encuentroinformativo.com.mx\/index.php?rest_route=\/wp\/v2\/posts"}],"about":[{"href":"https:\/\/encuentroinformativo.com.mx\/index.php?rest_route=\/wp\/v2\/types\/post"}],"author":[{"embeddable":true,"href":"https:\/\/encuentroinformativo.com.mx\/index.php?rest_route=\/wp\/v2\/users\/2476"}],"replies":[{"embeddable":true,"href":"https:\/\/encuentroinformativo.com.mx\/index.php?rest_route=%2Fwp%2Fv2%2Fcomments&post=40273"}],"version-history":[{"count":1,"href":"https:\/\/encuentroinformativo.com.mx\/index.php?rest_route=\/wp\/v2\/posts\/40273\/revisions"}],"predecessor-version":[{"id":40275,"href":"https:\/\/encuentroinformativo.com.mx\/index.php?rest_route=\/wp\/v2\/posts\/40273\/revisions\/40275"}],"wp:featuredmedia":[{"embeddable":true,"href":"https:\/\/encuentroinformativo.com.mx\/index.php?rest_route=\/wp\/v2\/media\/40274"}],"wp:attachment":[{"href":"https:\/\/encuentroinformativo.com.mx\/index.php?rest_route=%2Fwp%2Fv2%2Fmedia&parent=40273"}],"wp:term":[{"taxonomy":"category","embeddable":true,"href":"https:\/\/encuentroinformativo.com.mx\/index.php?rest_route=%2Fwp%2Fv2%2Fcategories&post=40273"},{"taxonomy":"post_tag","embeddable":true,"href":"https:\/\/encuentroinformativo.com.mx\/index.php?rest_route=%2Fwp%2Fv2%2Ftags&post=40273"}],"curies":[{"name":"wp","href":"https:\/\/api.w.org\/{rel}","templated":true}]}}