{"id":40276,"date":"2023-05-06T11:40:12","date_gmt":"2023-05-06T17:40:12","guid":{"rendered":"https:\/\/encuentroinformativo.com.mx\/?p=40276"},"modified":"2023-05-06T11:40:21","modified_gmt":"2023-05-06T17:40:21","slug":"la-feria-de-cordoba-sera-una-ventana-de-exposicion-a-talentos-locales","status":"publish","type":"post","link":"https:\/\/encuentroinformativo.com.mx\/?p=40276","title":{"rendered":"La Feria de C\u00f3rdoba ser\u00e1 una ventana de exposici\u00f3n a talentos locales"},"content":{"rendered":"\n<p><strong>Alejandro \u00c1vila<\/strong><\/p>\n\n\n\n<p>C\u00f3rdoba, Ver.- La actividad art\u00edstica ha crecido notablemente en la ciudad de C\u00f3rdoba, es por ello que el Ayuntamiento tom\u00f3 la decisi\u00f3n de que la Feria que se realizar\u00e1 en pr\u00f3ximos d\u00edas, sea la ventana de los talentos locales de canto y baile.<\/p>\n\n\n\n<p>El regidor, Sergio de la Llave Migoni, invit\u00f3 a la ciudadan\u00eda a disfrutar de la cartelera cultural, art\u00edstica y gastron\u00f3mica que se estar\u00e1 presentando en el marco de la Feria 2023 de C\u00f3rdoba, cuya prioridad es mostrar el talento local y garantizar un sano esparcimiento a las familias cordobesas.&nbsp;<\/p>\n\n\n\n<p>El edil record\u00f3 el 17 al 28 de mayo se llevar\u00e1 a cabo este festejo, en el marco del 202 aniversario de la defensa de la ciudad, la cual se realiz\u00f3 el 21 de mayo de 1821.<\/p>\n\n\n\n<p>Sergio de la Llave, destac\u00f3 que las \u00e1reas del Ayuntamiento, por instrucciones del alcalde, Juan Mart\u00ednez Flores, se han dado a la tarea de organizar una festividad que resultar\u00e1 atractiva para los visitantes de todas las edades.&nbsp;<\/p>\n\n\n\n<p>&#8220;Yo destaco que tiene un sentido familiar; que los ni\u00f1os tengan actividades donde se puedan divertir, no solamente que sean juegos mec\u00e1nicos, sino tambi\u00e9n actividades culturales, formativas y que desde luego todo esto lo hagan en un ambiente de alegria y diversi\u00f3n\u201d, dijo el regidor con la comisi\u00f3n de Cultura y Educaci\u00f3n.&nbsp;<\/p>\n\n\n\n<p>Agreg\u00f3 que, como parte de la comisi\u00f3n de cultura, constantemente en el Ayuntamiento lo visitan artistas muy talentosos que est\u00e1n buscando la oportunidad de tener un espacio en donde poder presentarse.&nbsp;<\/p>\n\n\n\n<p>\u201cEst\u00e1n requiriendo un apoyo, entonces veo que a trav\u00e9s de esta feria se les est\u00e1 invitando a grupos, a solistas cantantes de todos los g\u00e9neros y, que en lugar de haber pensado en alguien de fuera, se est\u00e1 pensando en el talento cordob\u00e9s, cosa que yo s\u00ed destaco. Porque al final del d\u00eda, de eso se trata una feria, se trata de mostrar lo que somos, nuestra identidad pues, dentro de ello la riqueza de talento cordob\u00e9s\u201d.<\/p>\n\n\n\n<p>Explic\u00f3 que habr\u00e1 artistas, bailes de folclore, muestra gastron\u00f3mica; con la riqueza que tenemos en espacios de comida y en lugares en donde pueda la gente degustar nuestro riqu\u00edsimo caf\u00e9 que nos hace famosos a nivel mundial.<\/p>\n\n\n\n<p>Sergio De la Llave adem\u00e1s dijo que se ha determinado un precio que es verdaderamente accesible.&nbsp;<\/p>\n\n\n\n<p>\u201cPoder accesar a todo esto a diez pesos, considero de una forma ayudando a la econom\u00eda familiar. No tiene caso que se autoricen montos muy amplios porque con un mill\u00f3n y medio de pesos, no hubiera alcanzado para los que son de renombre nacional.&nbsp; El tema de aqu\u00ed es mejor que se haga con ingenio y que esos recursos los sigamos construyendo y destinando para tantas necesidades que hay aqu\u00ed en C\u00f3rdoba\u201d, concluy\u00f3 el funcionario municipal.<\/p>\n","protected":false},"excerpt":{"rendered":"<p>Alejandro \u00c1vila C\u00f3rdoba, Ver.- La actividad art\u00edstica ha crecido notablemente en la ciudad de C\u00f3rdoba, es por ello que el Ayuntamiento tom\u00f3 la decisi\u00f3n de que la Feria que se realizar\u00e1 en pr\u00f3ximos d\u00edas, sea la ventana de los talentos locales de canto y baile. El regidor, Sergio de la Llave Migoni, invit\u00f3 a la [&hellip;]<\/p>\n","protected":false},"author":2476,"featured_media":40277,"comment_status":"open","ping_status":"open","sticky":false,"template":"","format":"standard","meta":{"_jetpack_memberships_contains_paid_content":false,"footnotes":""},"categories":[2],"tags":[],"class_list":["post-40276","post","type-post","status-publish","format-standard","has-post-thumbnail","hentry","category-estado"],"jetpack_featured_media_url":"https:\/\/encuentroinformativo.com.mx\/wp-content\/uploads\/2023\/05\/IMG-20230506-WA0011.jpg","jetpack_sharing_enabled":true,"jetpack_likes_enabled":true,"amp_enabled":true,"_links":{"self":[{"href":"https:\/\/encuentroinformativo.com.mx\/index.php?rest_route=\/wp\/v2\/posts\/40276","targetHints":{"allow":["GET"]}}],"collection":[{"href":"https:\/\/encuentroinformativo.com.mx\/index.php?rest_route=\/wp\/v2\/posts"}],"about":[{"href":"https:\/\/encuentroinformativo.com.mx\/index.php?rest_route=\/wp\/v2\/types\/post"}],"author":[{"embeddable":true,"href":"https:\/\/encuentroinformativo.com.mx\/index.php?rest_route=\/wp\/v2\/users\/2476"}],"replies":[{"embeddable":true,"href":"https:\/\/encuentroinformativo.com.mx\/index.php?rest_route=%2Fwp%2Fv2%2Fcomments&post=40276"}],"version-history":[{"count":1,"href":"https:\/\/encuentroinformativo.com.mx\/index.php?rest_route=\/wp\/v2\/posts\/40276\/revisions"}],"predecessor-version":[{"id":40278,"href":"https:\/\/encuentroinformativo.com.mx\/index.php?rest_route=\/wp\/v2\/posts\/40276\/revisions\/40278"}],"wp:featuredmedia":[{"embeddable":true,"href":"https:\/\/encuentroinformativo.com.mx\/index.php?rest_route=\/wp\/v2\/media\/40277"}],"wp:attachment":[{"href":"https:\/\/encuentroinformativo.com.mx\/index.php?rest_route=%2Fwp%2Fv2%2Fmedia&parent=40276"}],"wp:term":[{"taxonomy":"category","embeddable":true,"href":"https:\/\/encuentroinformativo.com.mx\/index.php?rest_route=%2Fwp%2Fv2%2Fcategories&post=40276"},{"taxonomy":"post_tag","embeddable":true,"href":"https:\/\/encuentroinformativo.com.mx\/index.php?rest_route=%2Fwp%2Fv2%2Ftags&post=40276"}],"curies":[{"name":"wp","href":"https:\/\/api.w.org\/{rel}","templated":true}]}}