{"id":40279,"date":"2023-05-06T11:58:31","date_gmt":"2023-05-06T17:58:31","guid":{"rendered":"https:\/\/encuentroinformativo.com.mx\/?p=40279"},"modified":"2023-05-06T11:58:41","modified_gmt":"2023-05-06T17:58:41","slug":"los-aguas-aguas-le-presentaran-a-las-mamas-xalapenas-su-tercer-disco","status":"publish","type":"post","link":"https:\/\/encuentroinformativo.com.mx\/?p=40279","title":{"rendered":"Los Aguas Aguas le presentar\u00e1n a las mam\u00e1s xalape\u00f1as su tercer disco"},"content":{"rendered":"\n<p><strong>Alejandro \u00c1vila<\/strong><\/p>\n\n\n\n<p>Veracruz, Ver.- Despu\u00e9s de 7 meses, finalmente la agrupaci\u00f3n veracruzana, Los Aguas Aguas, presentar\u00e1 su tercer \u00e1lbum en la ciudad que los vio nacer.<\/p>\n\n\n\n<p>La banda originaria de Xalapa, tendr\u00e1 un concierto en el Teatro del Estado &#8220;Ignacio de la Llave&#8221;, en la sala Emilio Carballido, el pr\u00f3ximo 11 de mayo, en punto de las 20 horas.<\/p>\n\n\n\n<p>Ah\u00ed, finalmente le mostrar\u00e1n al p\u00fablico que escuch\u00f3 sus primeros acordes, la tercera producci\u00f3n discogr\u00e1fica, llamada &#8220;Somos Fuerza&#8221;, misma que tuvieron la fortuna de presentar originalmente, en el Lunario del Auditorio Nacional, el pasado 7 de octubre del 2022.<\/p>\n\n\n\n<p>El \u00e1lbum cuenta con 12 temas in\u00e9ditos. Dentro de este material encontramos<\/p>\n\n\n\n<p>colaboraciones con artistas como: Ely<\/p>\n\n\n\n<p>Guerra, Dr. Shenka (Pante\u00f3n Rococo), Daniel Me Est\u00e1s Matando, J\u00f3sean Log,<\/p>\n\n\n\n<p>Stilo, Bipo Montana y Los Choclok.<\/p>\n\n\n\n<p>El concierto contar\u00e1 con la presencia de algunos de los artistas que colaboraron en el \u00e1lbum, y la venta de boletos se encuentra disponible a trav\u00e9s de la plataforma digital de Red Access.<\/p>\n","protected":false},"excerpt":{"rendered":"<p>Alejandro \u00c1vila Veracruz, Ver.- Despu\u00e9s de 7 meses, finalmente la agrupaci\u00f3n veracruzana, Los Aguas Aguas, presentar\u00e1 su tercer \u00e1lbum en la ciudad que los vio nacer. La banda originaria de Xalapa, tendr\u00e1 un concierto en el Teatro del Estado &#8220;Ignacio de la Llave&#8221;, en la sala Emilio Carballido, el pr\u00f3ximo 11 de mayo, en punto [&hellip;]<\/p>\n","protected":false},"author":2476,"featured_media":40280,"comment_status":"open","ping_status":"open","sticky":false,"template":"","format":"standard","meta":{"_jetpack_memberships_contains_paid_content":false,"footnotes":""},"categories":[2],"tags":[],"class_list":["post-40279","post","type-post","status-publish","format-standard","has-post-thumbnail","hentry","category-estado"],"jetpack_featured_media_url":"https:\/\/encuentroinformativo.com.mx\/wp-content\/uploads\/2023\/05\/IMG-20230506-WA0018.jpg","jetpack_sharing_enabled":true,"jetpack_likes_enabled":true,"amp_enabled":true,"_links":{"self":[{"href":"https:\/\/encuentroinformativo.com.mx\/index.php?rest_route=\/wp\/v2\/posts\/40279","targetHints":{"allow":["GET"]}}],"collection":[{"href":"https:\/\/encuentroinformativo.com.mx\/index.php?rest_route=\/wp\/v2\/posts"}],"about":[{"href":"https:\/\/encuentroinformativo.com.mx\/index.php?rest_route=\/wp\/v2\/types\/post"}],"author":[{"embeddable":true,"href":"https:\/\/encuentroinformativo.com.mx\/index.php?rest_route=\/wp\/v2\/users\/2476"}],"replies":[{"embeddable":true,"href":"https:\/\/encuentroinformativo.com.mx\/index.php?rest_route=%2Fwp%2Fv2%2Fcomments&post=40279"}],"version-history":[{"count":1,"href":"https:\/\/encuentroinformativo.com.mx\/index.php?rest_route=\/wp\/v2\/posts\/40279\/revisions"}],"predecessor-version":[{"id":40281,"href":"https:\/\/encuentroinformativo.com.mx\/index.php?rest_route=\/wp\/v2\/posts\/40279\/revisions\/40281"}],"wp:featuredmedia":[{"embeddable":true,"href":"https:\/\/encuentroinformativo.com.mx\/index.php?rest_route=\/wp\/v2\/media\/40280"}],"wp:attachment":[{"href":"https:\/\/encuentroinformativo.com.mx\/index.php?rest_route=%2Fwp%2Fv2%2Fmedia&parent=40279"}],"wp:term":[{"taxonomy":"category","embeddable":true,"href":"https:\/\/encuentroinformativo.com.mx\/index.php?rest_route=%2Fwp%2Fv2%2Fcategories&post=40279"},{"taxonomy":"post_tag","embeddable":true,"href":"https:\/\/encuentroinformativo.com.mx\/index.php?rest_route=%2Fwp%2Fv2%2Ftags&post=40279"}],"curies":[{"name":"wp","href":"https:\/\/api.w.org\/{rel}","templated":true}]}}