{"id":40282,"date":"2023-05-06T12:05:25","date_gmt":"2023-05-06T18:05:25","guid":{"rendered":"https:\/\/encuentroinformativo.com.mx\/?p=40282"},"modified":"2023-05-06T12:05:28","modified_gmt":"2023-05-06T18:05:28","slug":"foro-boca-sera-sede-de-la-primera-muestra-de-la-cineteca-veracruz","status":"publish","type":"post","link":"https:\/\/encuentroinformativo.com.mx\/?p=40282","title":{"rendered":"Foro Boca ser\u00e1 sede de la Primera Muestra de la Cineteca Veracruz"},"content":{"rendered":"\n<p><strong>Alejandro \u00c1vila<\/strong><\/p>\n\n\n\n<p>Veracruz, Ver.- Del 11 al 13 de mayo se realizar\u00e1 en el Foro Boca la Primera Muestra de Cineteca Veracruz, donde se proyectar\u00e1n m\u00e1s de 15 cortometrajes veracruzanos y 3 largometrajes internacionales.<\/p>\n\n\n\n<p>Este evento que tendr\u00e1 todas sus actividades de forma gratuita, es organizado por la Asociaci\u00f3n Civil &#8220;Cineteca Veracruz&#8221;, con sede en Xalapa, en colaboraci\u00f3n con el espacio cultural \u201cCinecito\u201d, del puerto de Veracruz.<\/p>\n\n\n\n<p>Durante los tres d\u00edas de la muestra se contempla la exhibici\u00f3n de un programa de largometraje internacional y uno m\u00e1s de cortometrajes dirigidos por realizadores veracruzanos.<\/p>\n\n\n\n<p>Todas estas actividades tendr\u00e1n lugar a partir de las 18:00 horas en la Sala E del recinto cultural Foro Boca, ubicado en el bulevar Vicente Fox Quesada de Boca del R\u00edo.<\/p>\n\n\n\n<p>De igual forma, a las 12:00 horas, se llevar\u00e1n a cabo tres conferencias magistrales (una al d\u00eda), en torno al quehacer cinematogr\u00e1fico en Veracruz, en las instalaciones del espacio cultural \u201cCinecito\u201d, ubicado en la calle Esteban Morales No. 680, tercer piso, del centro de la ciudad de Veracruz.<\/p>\n\n\n\n<p>Dentro de las presentaciones especiales de esta muestra se contempla por primera vez en M\u00e9xico la proyecci\u00f3n de la cinta \u00f3mnibus \u201cLetters from the end of the world\u201d, pel\u00edcula que inaugur\u00f3 el Festival Internacional de Cine de Sarajevo en el a\u00f1o 2021, as\u00ed como la proyecci\u00f3n de \u201cCenote\u201d, de la artista visual japonesa y directora de cine, Kaori Oda.<\/p>\n\n\n\n<p>Todas las actividades de la Primera Muestra de la Cineteca Veracruz a realizarse en ambas sedes, ser\u00e1n de acceso gratuito para la poblaci\u00f3n en general.<\/p>\n\n\n\n<p>A trav\u00e9s de las redes sociales se podr\u00e1 conocer la programaci\u00f3n completa de cada una de las pel\u00edculas durante los d\u00edas de proyecci\u00f3n, estas son: Cineteca Veracruz: Facebook @cinetecaver; Cinecito: Instagram @cinecito.mx&nbsp;y Facebook @cinecito.mx; Foro Boca: Instagram @foroboca y Facebook @foroboca<\/p>\n","protected":false},"excerpt":{"rendered":"<p>Alejandro \u00c1vila Veracruz, Ver.- Del 11 al 13 de mayo se realizar\u00e1 en el Foro Boca la Primera Muestra de Cineteca Veracruz, donde se proyectar\u00e1n m\u00e1s de 15 cortometrajes veracruzanos y 3 largometrajes internacionales. Este evento que tendr\u00e1 todas sus actividades de forma gratuita, es organizado por la Asociaci\u00f3n Civil &#8220;Cineteca Veracruz&#8221;, con sede en [&hellip;]<\/p>\n","protected":false},"author":2476,"featured_media":40283,"comment_status":"open","ping_status":"open","sticky":false,"template":"","format":"standard","meta":{"_jetpack_memberships_contains_paid_content":false,"footnotes":""},"categories":[2],"tags":[],"class_list":["post-40282","post","type-post","status-publish","format-standard","has-post-thumbnail","hentry","category-estado"],"jetpack_featured_media_url":"https:\/\/encuentroinformativo.com.mx\/wp-content\/uploads\/2023\/05\/IMG-20230506-WA00201.jpg","jetpack_sharing_enabled":true,"jetpack_likes_enabled":true,"amp_enabled":true,"_links":{"self":[{"href":"https:\/\/encuentroinformativo.com.mx\/index.php?rest_route=\/wp\/v2\/posts\/40282","targetHints":{"allow":["GET"]}}],"collection":[{"href":"https:\/\/encuentroinformativo.com.mx\/index.php?rest_route=\/wp\/v2\/posts"}],"about":[{"href":"https:\/\/encuentroinformativo.com.mx\/index.php?rest_route=\/wp\/v2\/types\/post"}],"author":[{"embeddable":true,"href":"https:\/\/encuentroinformativo.com.mx\/index.php?rest_route=\/wp\/v2\/users\/2476"}],"replies":[{"embeddable":true,"href":"https:\/\/encuentroinformativo.com.mx\/index.php?rest_route=%2Fwp%2Fv2%2Fcomments&post=40282"}],"version-history":[{"count":1,"href":"https:\/\/encuentroinformativo.com.mx\/index.php?rest_route=\/wp\/v2\/posts\/40282\/revisions"}],"predecessor-version":[{"id":40284,"href":"https:\/\/encuentroinformativo.com.mx\/index.php?rest_route=\/wp\/v2\/posts\/40282\/revisions\/40284"}],"wp:featuredmedia":[{"embeddable":true,"href":"https:\/\/encuentroinformativo.com.mx\/index.php?rest_route=\/wp\/v2\/media\/40283"}],"wp:attachment":[{"href":"https:\/\/encuentroinformativo.com.mx\/index.php?rest_route=%2Fwp%2Fv2%2Fmedia&parent=40282"}],"wp:term":[{"taxonomy":"category","embeddable":true,"href":"https:\/\/encuentroinformativo.com.mx\/index.php?rest_route=%2Fwp%2Fv2%2Fcategories&post=40282"},{"taxonomy":"post_tag","embeddable":true,"href":"https:\/\/encuentroinformativo.com.mx\/index.php?rest_route=%2Fwp%2Fv2%2Ftags&post=40282"}],"curies":[{"name":"wp","href":"https:\/\/api.w.org\/{rel}","templated":true}]}}