{"id":40285,"date":"2023-05-06T12:31:02","date_gmt":"2023-05-06T18:31:02","guid":{"rendered":"https:\/\/encuentroinformativo.com.mx\/?p=40285"},"modified":"2023-05-06T12:31:05","modified_gmt":"2023-05-06T18:31:05","slug":"realiza-instituto-de-las-mujeres-carrera-8m","status":"publish","type":"post","link":"https:\/\/encuentroinformativo.com.mx\/?p=40285","title":{"rendered":"Realiza Instituto de las Mujeres Carrera 8M"},"content":{"rendered":"\n<p>Xalapa, Ver.- Con rutas marcadas para 5 y 8K y una caminata familiar de 2.5 kil\u00f3metros en el Paseo de Los Lagos, este s\u00e1bado se realiz\u00f3 la carrera mixta 8M, evento con causa organizado por el Instituto Municipal de las Mujeres de Xalapa (IMMX), cuyas cuotas de inscripci\u00f3n servir\u00e1n para visibilizar los derechos de las mujeres a trav\u00e9s del apoyo a la colectiva \u201cMujeres sobrevivientes de feminicidio\u201d, con la publicaci\u00f3n de un libro.<\/p>\n\n\n\n<p>El presidente municipal Ricardo Ahued Bardahuil reconoci\u00f3 la nutrida participaci\u00f3n de m\u00e1s de 500 personas y destac\u00f3 que el Ayuntamiento debe seguir siendo un ente coadyuvante en eventos como este, que representan un esfuerzo tanto deportivo como por una causa tan importante como son los derechos de las mujeres.<\/p>\n\n\n\n<p>Representantes de la Colectiva \u201cMujeres sobrevivientes de feminicidio\u201d agradecieron la colaboraci\u00f3n de las autoridades con su causa, \u201cqu\u00e9 bueno que vinieron todas y todos a correr porque las calles son nuestras y con actividades como estas las haremos m\u00e1s seguras, adem\u00e1s contaremos con los recursos para publicar un libro y compartir nuestras historias\u201d.<\/p>\n\n\n\n<p>El evento cronometrado premi\u00f3 a las tres primeras personas en cruzar la meta dentro de las categor\u00edas: Libre, de 18 a 39 a\u00f1os; M\u00e1ster, de 40 a 49; Veteranas y veteranos, de 50 a 59 a\u00f1os, y Veteranas o veteranos plus, de 60 o m\u00e1s a\u00f1os.<\/p>\n\n\n\n<p>Asistieron, la directora del IMMX, Zaira Fabiola del Toro Olivares; la directora de Juventud, Gelsey Yareni Varela Castillo y el director de Alumbrado P\u00fablico, Juan Carlos Alem\u00e1n.<\/p>\n","protected":false},"excerpt":{"rendered":"<p>Xalapa, Ver.- Con rutas marcadas para 5 y 8K y una caminata familiar de 2.5 kil\u00f3metros en el Paseo de Los Lagos, este s\u00e1bado se realiz\u00f3 la carrera mixta 8M, evento con causa organizado por el Instituto Municipal de las Mujeres de Xalapa (IMMX), cuyas cuotas de inscripci\u00f3n servir\u00e1n para visibilizar los derechos de las [&hellip;]<\/p>\n","protected":false},"author":2476,"featured_media":40286,"comment_status":"open","ping_status":"open","sticky":false,"template":"","format":"standard","meta":{"_jetpack_memberships_contains_paid_content":false,"footnotes":""},"categories":[3],"tags":[],"class_list":["post-40285","post","type-post","status-publish","format-standard","has-post-thumbnail","hentry","category-xalapa"],"jetpack_featured_media_url":"https:\/\/encuentroinformativo.com.mx\/wp-content\/uploads\/2023\/05\/IMG-20230506-WA0019.jpg","jetpack_sharing_enabled":true,"jetpack_likes_enabled":true,"amp_enabled":true,"_links":{"self":[{"href":"https:\/\/encuentroinformativo.com.mx\/index.php?rest_route=\/wp\/v2\/posts\/40285","targetHints":{"allow":["GET"]}}],"collection":[{"href":"https:\/\/encuentroinformativo.com.mx\/index.php?rest_route=\/wp\/v2\/posts"}],"about":[{"href":"https:\/\/encuentroinformativo.com.mx\/index.php?rest_route=\/wp\/v2\/types\/post"}],"author":[{"embeddable":true,"href":"https:\/\/encuentroinformativo.com.mx\/index.php?rest_route=\/wp\/v2\/users\/2476"}],"replies":[{"embeddable":true,"href":"https:\/\/encuentroinformativo.com.mx\/index.php?rest_route=%2Fwp%2Fv2%2Fcomments&post=40285"}],"version-history":[{"count":1,"href":"https:\/\/encuentroinformativo.com.mx\/index.php?rest_route=\/wp\/v2\/posts\/40285\/revisions"}],"predecessor-version":[{"id":40287,"href":"https:\/\/encuentroinformativo.com.mx\/index.php?rest_route=\/wp\/v2\/posts\/40285\/revisions\/40287"}],"wp:featuredmedia":[{"embeddable":true,"href":"https:\/\/encuentroinformativo.com.mx\/index.php?rest_route=\/wp\/v2\/media\/40286"}],"wp:attachment":[{"href":"https:\/\/encuentroinformativo.com.mx\/index.php?rest_route=%2Fwp%2Fv2%2Fmedia&parent=40285"}],"wp:term":[{"taxonomy":"category","embeddable":true,"href":"https:\/\/encuentroinformativo.com.mx\/index.php?rest_route=%2Fwp%2Fv2%2Fcategories&post=40285"},{"taxonomy":"post_tag","embeddable":true,"href":"https:\/\/encuentroinformativo.com.mx\/index.php?rest_route=%2Fwp%2Fv2%2Ftags&post=40285"}],"curies":[{"name":"wp","href":"https:\/\/api.w.org\/{rel}","templated":true}]}}