{"id":40288,"date":"2023-05-06T16:17:39","date_gmt":"2023-05-06T22:17:39","guid":{"rendered":"https:\/\/encuentroinformativo.com.mx\/?p=40288"},"modified":"2023-05-06T16:17:39","modified_gmt":"2023-05-06T22:17:39","slug":"desarrollan-planton-cultural-cannabico","status":"publish","type":"post","link":"https:\/\/encuentroinformativo.com.mx\/?p=40288","title":{"rendered":"Desarrollan plant\u00f3n Cultural Cann\u00e1bico"},"content":{"rendered":"\n<p><strong>Dar\u00edo Pale <\/strong><\/p>\n\n\n\n<p>Xalapa, Ver.- Teresa Ben\u00edtez Mej\u00eda del Colectivo Cann\u00e1bico Interdisciplinario dio a conocer que el d\u00eda de hoy junto con el Movimiento Cann\u00e1bico Xalape\u00f1o est\u00e1n realizando el plant\u00f3n Cultural Cann\u00e1bico para realizar diferentes actividades y que se haga ley lo que ya es justicia.<\/p>\n\n\n\n<p>En entrevista se\u00f1al\u00f3 que este d\u00eda realizar\u00e1n actividades en la explanada del teatro del estado de \u00edndole art\u00edstica, cultural y musical con el objetivo de que el plant\u00f3n previo. La marcha de la liberaci\u00f3n de la Mariguana la cual iniciar\u00e1 a las 16:30 y concluir\u00e1 en la plaza Lerdo.<\/p>\n\n\n\n<p>Esperan que participe mucha gente &#8220;pacheca&#8221; de la capital del estado por lo que esperan que se &#8220;dejen venir&#8221;, ya que ah\u00ed estar\u00e1n hasta que inicie la marcha, record\u00f3 que el a\u00f1o pasado estuvo baja la participaci\u00f3n, pero el primer a\u00f1o participaron aproximadamente de 150 a 200 asistentes pero esperan que hoy salgan mas.<\/p>\n\n\n\n<p>Por otra parte Mar\u00eda Rodr\u00edguez del colectivo Interdisciplinario coment\u00f3 que como parte de la sociedad civil est\u00e1n reunidos con la intenci\u00f3n de informar y de hacer notar que como comunidad Cann\u00e1bica tienen diferentes disciplinas y se dedican a diferentes cosas pero principalmente para que vean que siguen en pie de lucha.<\/p>\n\n\n\n<p>Ya que a\u00fan se cuestionan el porque no se hace Ley lo que ya es justicia declarado por la SCJN tienen la prohibici\u00f3n de la mariguana para el huso adulto y recreativo ya que a\u00fan existe el hostigamiento policiaco y sigue sufriendo ya que los relacionan por su forma de vestir, su m\u00fasica.<\/p>\n\n\n\n<p>Tambi\u00e9n van a informar el uso medicinal de la cannabis en su calidad de vida, ellos pueden plantear alternativas, proponer con bases en la direcci\u00f3n de riesgos, no se oponen a que se den estos encuentros ya que se necesita que se haga ley lo que ya es justicia.<\/p>\n","protected":false},"excerpt":{"rendered":"<p>Dar\u00edo Pale Xalapa, Ver.- Teresa Ben\u00edtez Mej\u00eda del Colectivo Cann\u00e1bico Interdisciplinario dio a conocer que el d\u00eda de hoy junto con el Movimiento Cann\u00e1bico Xalape\u00f1o est\u00e1n realizando el plant\u00f3n Cultural Cann\u00e1bico para realizar diferentes actividades y que se haga ley lo que ya es justicia. En entrevista se\u00f1al\u00f3 que este d\u00eda realizar\u00e1n actividades en la [&hellip;]<\/p>\n","protected":false},"author":2476,"featured_media":40289,"comment_status":"open","ping_status":"open","sticky":false,"template":"","format":"standard","meta":{"_jetpack_memberships_contains_paid_content":false,"footnotes":""},"categories":[3],"tags":[],"class_list":["post-40288","post","type-post","status-publish","format-standard","has-post-thumbnail","hentry","category-xalapa"],"jetpack_featured_media_url":"https:\/\/encuentroinformativo.com.mx\/wp-content\/uploads\/2023\/05\/IMG-20230506-WA0027.jpg","jetpack_sharing_enabled":true,"jetpack_likes_enabled":true,"amp_enabled":true,"_links":{"self":[{"href":"https:\/\/encuentroinformativo.com.mx\/index.php?rest_route=\/wp\/v2\/posts\/40288","targetHints":{"allow":["GET"]}}],"collection":[{"href":"https:\/\/encuentroinformativo.com.mx\/index.php?rest_route=\/wp\/v2\/posts"}],"about":[{"href":"https:\/\/encuentroinformativo.com.mx\/index.php?rest_route=\/wp\/v2\/types\/post"}],"author":[{"embeddable":true,"href":"https:\/\/encuentroinformativo.com.mx\/index.php?rest_route=\/wp\/v2\/users\/2476"}],"replies":[{"embeddable":true,"href":"https:\/\/encuentroinformativo.com.mx\/index.php?rest_route=%2Fwp%2Fv2%2Fcomments&post=40288"}],"version-history":[{"count":1,"href":"https:\/\/encuentroinformativo.com.mx\/index.php?rest_route=\/wp\/v2\/posts\/40288\/revisions"}],"predecessor-version":[{"id":40291,"href":"https:\/\/encuentroinformativo.com.mx\/index.php?rest_route=\/wp\/v2\/posts\/40288\/revisions\/40291"}],"wp:featuredmedia":[{"embeddable":true,"href":"https:\/\/encuentroinformativo.com.mx\/index.php?rest_route=\/wp\/v2\/media\/40289"}],"wp:attachment":[{"href":"https:\/\/encuentroinformativo.com.mx\/index.php?rest_route=%2Fwp%2Fv2%2Fmedia&parent=40288"}],"wp:term":[{"taxonomy":"category","embeddable":true,"href":"https:\/\/encuentroinformativo.com.mx\/index.php?rest_route=%2Fwp%2Fv2%2Fcategories&post=40288"},{"taxonomy":"post_tag","embeddable":true,"href":"https:\/\/encuentroinformativo.com.mx\/index.php?rest_route=%2Fwp%2Fv2%2Ftags&post=40288"}],"curies":[{"name":"wp","href":"https:\/\/api.w.org\/{rel}","templated":true}]}}