{"id":40292,"date":"2023-05-06T16:49:46","date_gmt":"2023-05-06T22:49:46","guid":{"rendered":"https:\/\/encuentroinformativo.com.mx\/?p=40292"},"modified":"2023-05-06T16:49:50","modified_gmt":"2023-05-06T22:49:50","slug":"el-estado-es-indolente-acusa-madre-defensora","status":"publish","type":"post","link":"https:\/\/encuentroinformativo.com.mx\/?p=40292","title":{"rendered":"El Estado es indolente, acusa madre defensora"},"content":{"rendered":"\n<p><strong>Dar\u00edo Pale <\/strong><\/p>\n\n\n\n<p>Xalapa, Ver.- El estado no es omiso, es criminal, por lo que acus\u00f3 que las autoridades siguen siendo indolente e insensible ante el dolor de quienes han perdido a sus hijas e hijos, as\u00ed lo se\u00f1al\u00f3 la activista y defensora de Derechos Humanos, Irinea Buend\u00eda Cort\u00e9s.<\/p>\n\n\n\n<p>En conferencia de prensa afirm\u00f3 que el Estado no es &#8220;omiso, es criminal&#8221;, quien es reconocida a nivel nacional e internacional por su lucha para lograr el acceso a la justicia por el feminicidio de su hija Mariana Lima Buend\u00eda por parte de su esposo Julio C\u00e9sar Hern\u00e1ndez Ballinas, comandante de la Polic\u00eda Judicial del municipio de Chimalhuac\u00e1n, Estado de M\u00e9xico el 28 de junio de 2010, a la edad de 28 a\u00f1os.<\/p>\n\n\n\n<p>&#8220;Para matar a nuestras hijas en un segundo lo hacen y para poder tener acceso a la justicia, fueron 12 a\u00f1os con 8 meses de lucha, pero de esa forma est\u00e1 el Poder Judicial en M\u00e9xico&#8221;, se\u00f1al\u00f3.<\/p>\n\n\n\n<p>Se\u00f1al\u00f3 que en el pa\u00eds a las autoridades no les importa que \u201cestemos gritando y que estamos diciendo que estamos viviendo una emergencia nacional, que siguen matando a las mujeres con violencia&#8221;.<\/p>\n\n\n\n<p>Record\u00f3 que cuando mataron a su hija, eran tres o cuatro mujeres a las que les arrebatan la vida, pero ahora, seg\u00fan los datos, son m\u00e1s de 20 mujeres muertas por violencia y seg\u00fan las autoridades, las cifras de feminicidios han bajado.<\/p>\n\n\n\n<p>Finalmente dio a conocer que, &#8220;porque ahora ya investigan las muertes violentas c\u00f3mo homicidios dolosos, \u00bfen d\u00f3nde est\u00e1 el protocolo que se tienen que investigar las muertes violentas de mujeres y ni\u00f1as como homicidios dolosos?&#8221;.<\/p>\n","protected":false},"excerpt":{"rendered":"<p>Dar\u00edo Pale Xalapa, Ver.- El estado no es omiso, es criminal, por lo que acus\u00f3 que las autoridades siguen siendo indolente e insensible ante el dolor de quienes han perdido a sus hijas e hijos, as\u00ed lo se\u00f1al\u00f3 la activista y defensora de Derechos Humanos, Irinea Buend\u00eda Cort\u00e9s. En conferencia de prensa afirm\u00f3 que el [&hellip;]<\/p>\n","protected":false},"author":2476,"featured_media":40293,"comment_status":"open","ping_status":"open","sticky":false,"template":"","format":"standard","meta":{"_jetpack_memberships_contains_paid_content":false,"footnotes":""},"categories":[2],"tags":[],"class_list":["post-40292","post","type-post","status-publish","format-standard","has-post-thumbnail","hentry","category-estado"],"jetpack_featured_media_url":"https:\/\/encuentroinformativo.com.mx\/wp-content\/uploads\/2023\/05\/IMG-20230506-WA00582.jpg","jetpack_sharing_enabled":true,"jetpack_likes_enabled":true,"amp_enabled":true,"_links":{"self":[{"href":"https:\/\/encuentroinformativo.com.mx\/index.php?rest_route=\/wp\/v2\/posts\/40292","targetHints":{"allow":["GET"]}}],"collection":[{"href":"https:\/\/encuentroinformativo.com.mx\/index.php?rest_route=\/wp\/v2\/posts"}],"about":[{"href":"https:\/\/encuentroinformativo.com.mx\/index.php?rest_route=\/wp\/v2\/types\/post"}],"author":[{"embeddable":true,"href":"https:\/\/encuentroinformativo.com.mx\/index.php?rest_route=\/wp\/v2\/users\/2476"}],"replies":[{"embeddable":true,"href":"https:\/\/encuentroinformativo.com.mx\/index.php?rest_route=%2Fwp%2Fv2%2Fcomments&post=40292"}],"version-history":[{"count":1,"href":"https:\/\/encuentroinformativo.com.mx\/index.php?rest_route=\/wp\/v2\/posts\/40292\/revisions"}],"predecessor-version":[{"id":40294,"href":"https:\/\/encuentroinformativo.com.mx\/index.php?rest_route=\/wp\/v2\/posts\/40292\/revisions\/40294"}],"wp:featuredmedia":[{"embeddable":true,"href":"https:\/\/encuentroinformativo.com.mx\/index.php?rest_route=\/wp\/v2\/media\/40293"}],"wp:attachment":[{"href":"https:\/\/encuentroinformativo.com.mx\/index.php?rest_route=%2Fwp%2Fv2%2Fmedia&parent=40292"}],"wp:term":[{"taxonomy":"category","embeddable":true,"href":"https:\/\/encuentroinformativo.com.mx\/index.php?rest_route=%2Fwp%2Fv2%2Fcategories&post=40292"},{"taxonomy":"post_tag","embeddable":true,"href":"https:\/\/encuentroinformativo.com.mx\/index.php?rest_route=%2Fwp%2Fv2%2Ftags&post=40292"}],"curies":[{"name":"wp","href":"https:\/\/api.w.org\/{rel}","templated":true}]}}