{"id":40295,"date":"2023-05-06T19:41:19","date_gmt":"2023-05-07T01:41:19","guid":{"rendered":"https:\/\/encuentroinformativo.com.mx\/?p=40295"},"modified":"2023-05-06T19:41:24","modified_gmt":"2023-05-07T01:41:24","slug":"enfrentamiento-en-la-riviera-veracruzana-deja-una-persona-fallecida","status":"publish","type":"post","link":"https:\/\/encuentroinformativo.com.mx\/?p=40295","title":{"rendered":"Enfrentamiento en la Riviera Veracruzana deja una persona fallecida"},"content":{"rendered":"\n<p><strong>Alejandro \u00c1vila<\/strong><\/p>\n\n\n\n<p>Alvarado, Ver.- Aproximadamente a las 13 horas de este s\u00e1bado fue alertado al n\u00famero de emergencias 911, un presunto enfrentamiento en el municipio de Alvarado.<\/p>\n\n\n\n<p>Elementos de la Secretar\u00eda de Seguridad P\u00fablica en conjunto con la Fuerza Civil, desplegaron un operativo en la zona donde fueron reportadas las donaciones.<\/p>\n\n\n\n<p>Se pudo conocer que los hechos ocurrieron en la localidad de Mata de Uva perteneciente al municipio de Alvarado, sobre la carretera que lleva a la playa se encontraron varios casquillos percutidos; minutos m\u00e1s tarde la Secretar\u00eda de Seguridad P\u00fablica confirm\u00f3 el enfrentamiento, adem\u00e1s de una persona fallecida a la orilla del mar bajando el puente El Salado.<\/p>\n\n\n\n<p>De manera extraoficial se pudo conocer que los elementos de la Fuerza Civil y Polic\u00eda Estatal lograron interceptar y detener a dos veh\u00edculos que presuntamente habr\u00edan participado en el enfrentamiento, un Jetta y un Civic, ambos de color blanco, los cuales fueron ubicados sobre el bulevar Riviera Veracruzana con destino al municipio Boca del R\u00edo.<\/p>\n\n\n\n<p>Al momento las autoridades del Gobierno de Veracruz no han dado detalles sobre el enfrentamiento ocurrido la tarde de este s\u00e1bado en la localidad de Mata de Uva en el municipio de Alvarado; se espera que en pr\u00f3ximas horas den un informe detallado sobre el saldo de este acontecimiento que alarm\u00f3 a la ciudadan\u00eda.<\/p>\n\n\n\n<p>Cabe mencionar que, justo este s\u00e1bado 6 de mayo se encontraba festejando su cumplea\u00f1os el subsecretario de Seguridad P\u00fablica, Rafael \u00c1ngel Gonz\u00e1lez Uscanga, mejor conocido como &#8220;Fallo Pital\u00faa&#8221;.<\/p>\n\n\n\n<p>El funcionario estatal fue sorprendido con este anuncio violento cuando jugaba un partido de b\u00e9isbol en la localidad de Playa de Vacas en el municipio de Medell\u00edn de Bravo, dentro del torneo de la Liga &#8220;Perfecto V\u00e9lez&#8221;, posteriormente al encuentro, festejar\u00eda su aniversario n\u00famero 51.<\/p>\n\n\n\n<figure class=\"wp-block-image size-large\"><img loading=\"lazy\" decoding=\"async\" width=\"1024\" height=\"576\" src=\"https:\/\/encuentroinformativo.com.mx\/wp-content\/uploads\/2023\/05\/IMG-20230506-WA0076-1024x576.jpg\" alt=\"\" class=\"wp-image-40297\" srcset=\"https:\/\/encuentroinformativo.com.mx\/wp-content\/uploads\/2023\/05\/IMG-20230506-WA0076-1024x576.jpg 1024w, https:\/\/encuentroinformativo.com.mx\/wp-content\/uploads\/2023\/05\/IMG-20230506-WA0076-300x169.jpg 300w, https:\/\/encuentroinformativo.com.mx\/wp-content\/uploads\/2023\/05\/IMG-20230506-WA0076-768x432.jpg 768w, https:\/\/encuentroinformativo.com.mx\/wp-content\/uploads\/2023\/05\/IMG-20230506-WA0076-1536x864.jpg 1536w, https:\/\/encuentroinformativo.com.mx\/wp-content\/uploads\/2023\/05\/IMG-20230506-WA0076.jpg 1600w\" sizes=\"auto, (max-width: 1024px) 100vw, 1024px\" \/><\/figure>\n","protected":false},"excerpt":{"rendered":"<p>Alejandro \u00c1vila Alvarado, Ver.- Aproximadamente a las 13 horas de este s\u00e1bado fue alertado al n\u00famero de emergencias 911, un presunto enfrentamiento en el municipio de Alvarado. Elementos de la Secretar\u00eda de Seguridad P\u00fablica en conjunto con la Fuerza Civil, desplegaron un operativo en la zona donde fueron reportadas las donaciones. Se pudo conocer que [&hellip;]<\/p>\n","protected":false},"author":2476,"featured_media":40296,"comment_status":"open","ping_status":"open","sticky":false,"template":"","format":"standard","meta":{"_jetpack_memberships_contains_paid_content":false,"footnotes":""},"categories":[14],"tags":[],"class_list":["post-40295","post","type-post","status-publish","format-standard","has-post-thumbnail","hentry","category-policiaca"],"jetpack_featured_media_url":"https:\/\/encuentroinformativo.com.mx\/wp-content\/uploads\/2023\/05\/IMG-20230506-WA0075.jpg","jetpack_sharing_enabled":true,"jetpack_likes_enabled":true,"amp_enabled":true,"_links":{"self":[{"href":"https:\/\/encuentroinformativo.com.mx\/index.php?rest_route=\/wp\/v2\/posts\/40295","targetHints":{"allow":["GET"]}}],"collection":[{"href":"https:\/\/encuentroinformativo.com.mx\/index.php?rest_route=\/wp\/v2\/posts"}],"about":[{"href":"https:\/\/encuentroinformativo.com.mx\/index.php?rest_route=\/wp\/v2\/types\/post"}],"author":[{"embeddable":true,"href":"https:\/\/encuentroinformativo.com.mx\/index.php?rest_route=\/wp\/v2\/users\/2476"}],"replies":[{"embeddable":true,"href":"https:\/\/encuentroinformativo.com.mx\/index.php?rest_route=%2Fwp%2Fv2%2Fcomments&post=40295"}],"version-history":[{"count":1,"href":"https:\/\/encuentroinformativo.com.mx\/index.php?rest_route=\/wp\/v2\/posts\/40295\/revisions"}],"predecessor-version":[{"id":40298,"href":"https:\/\/encuentroinformativo.com.mx\/index.php?rest_route=\/wp\/v2\/posts\/40295\/revisions\/40298"}],"wp:featuredmedia":[{"embeddable":true,"href":"https:\/\/encuentroinformativo.com.mx\/index.php?rest_route=\/wp\/v2\/media\/40296"}],"wp:attachment":[{"href":"https:\/\/encuentroinformativo.com.mx\/index.php?rest_route=%2Fwp%2Fv2%2Fmedia&parent=40295"}],"wp:term":[{"taxonomy":"category","embeddable":true,"href":"https:\/\/encuentroinformativo.com.mx\/index.php?rest_route=%2Fwp%2Fv2%2Fcategories&post=40295"},{"taxonomy":"post_tag","embeddable":true,"href":"https:\/\/encuentroinformativo.com.mx\/index.php?rest_route=%2Fwp%2Fv2%2Ftags&post=40295"}],"curies":[{"name":"wp","href":"https:\/\/api.w.org\/{rel}","templated":true}]}}