{"id":40299,"date":"2023-05-07T10:23:56","date_gmt":"2023-05-07T16:23:56","guid":{"rendered":"https:\/\/encuentroinformativo.com.mx\/?p=40299"},"modified":"2023-05-07T10:24:00","modified_gmt":"2023-05-07T16:24:00","slug":"albanil-y-su-hijo-mueren-en-rina-vecinal","status":"publish","type":"post","link":"https:\/\/encuentroinformativo.com.mx\/?p=40299","title":{"rendered":"Alba\u00f1il y su hijo mueren en ri\u00f1a vecinal"},"content":{"rendered":"\n<p><strong>Juan Arcos <\/strong><\/p>\n\n\n\n<p>Xalapa, Ver.- Un alba\u00f1il y su hijo murieron tras una ri\u00f1a contra varios vecinos en la colonia Loma Bonita, la noche del s\u00e1bado 6 de mayo, en la ciudad de Xalapa.<\/p>\n\n\n\n<p>Los hechos ocurrieron antes de la medianoche sobre la calle Cisneros, cerca del fraccionamiento Lomas de Santa Fe, mejor conocido como Homex, una zona alejada al centro hist\u00f3rico de la capital del estado.<\/p>\n\n\n\n<p>Las v\u00edctimas fueron identificadas como Alejandro \u201cN\u201d, de unos 50 a\u00f1os, y su hijo Gerardo \u201cN\u201d, de aproximadamente 20 a\u00f1os, quienes arribaban a su domicilio cuando fueron atacados con machetes por sus vecinos.<\/p>\n\n\n\n<p>La ri\u00f1a vecinal dej\u00f3 un saldo de dos personas fallecidas, una m\u00e1s con lesiones graves y solo un detenido, a pesar de que fueron varios quienes agredieron al alba\u00f1il y a su hijo.<\/p>\n\n\n\n<p>Al sitio arribaron elementos de la Secretar\u00eda de Seguridad P\u00fablica (SSP) para acordonar la zona, en espera del personal de la Fiscal\u00eda General del Estado (FGE), que iniciar\u00eda las investigaciones.<\/p>\n\n\n\n<p>De acuerdo con testimonios de sus conocidos, los vecinos de las v\u00edctimas les \u201cechaban pleito\u201d con frecuencia; sin embargo, en esta ocasi\u00f3n, usaron machetes para agredirlos y, aunque intentaron defenderse, murieron por la gravedad de sus lesiones.<\/p>\n\n\n\n<p>\u201cLlegaron en la noche \u00e9l y su hijo y ah\u00ed los agarraron los vecinos, intentaron meterse a su casa pero el hijo, se llama Gerardo, muri\u00f3 dentro y don Ale qued\u00f3 tirado\u201d.<\/p>\n\n\n\n<p>Alejandro se desempe\u00f1\u00f3 como alba\u00f1il durante varios a\u00f1os y su hijo lo ayudaba en ese trabajo. Incluso, la ma\u00f1ana de este domingo deb\u00edan presentarse a laborar, pero no llegaron tras el altercado de anoche en su colonia.<\/p>\n\n\n\n<p>El alba\u00f1il dej\u00f3 en la orfandad a una bebe de un a\u00f1o y a una adolescente, de 15 a\u00f1os, quien naci\u00f3 con una discapacidad y depend\u00eda meramente de \u00e9l.<\/p>\n\n\n\n<p>Sus familiares y amigos exigen a la Fiscal\u00eda General del Estado que haya justicia para que el caso no quede impune y que sean detenidas todas las personas que ocasionaron su muerte.<\/p>\n","protected":false},"excerpt":{"rendered":"<p>Juan Arcos Xalapa, Ver.- Un alba\u00f1il y su hijo murieron tras una ri\u00f1a contra varios vecinos en la colonia Loma Bonita, la noche del s\u00e1bado 6 de mayo, en la ciudad de Xalapa. Los hechos ocurrieron antes de la medianoche sobre la calle Cisneros, cerca del fraccionamiento Lomas de Santa Fe, mejor conocido como Homex, [&hellip;]<\/p>\n","protected":false},"author":2476,"featured_media":40300,"comment_status":"open","ping_status":"open","sticky":false,"template":"","format":"standard","meta":{"_jetpack_memberships_contains_paid_content":false,"footnotes":""},"categories":[14],"tags":[],"class_list":["post-40299","post","type-post","status-publish","format-standard","has-post-thumbnail","hentry","category-policiaca"],"jetpack_featured_media_url":"https:\/\/encuentroinformativo.com.mx\/wp-content\/uploads\/2023\/05\/IMG_2056.jpg","jetpack_sharing_enabled":true,"jetpack_likes_enabled":true,"amp_enabled":true,"_links":{"self":[{"href":"https:\/\/encuentroinformativo.com.mx\/index.php?rest_route=\/wp\/v2\/posts\/40299","targetHints":{"allow":["GET"]}}],"collection":[{"href":"https:\/\/encuentroinformativo.com.mx\/index.php?rest_route=\/wp\/v2\/posts"}],"about":[{"href":"https:\/\/encuentroinformativo.com.mx\/index.php?rest_route=\/wp\/v2\/types\/post"}],"author":[{"embeddable":true,"href":"https:\/\/encuentroinformativo.com.mx\/index.php?rest_route=\/wp\/v2\/users\/2476"}],"replies":[{"embeddable":true,"href":"https:\/\/encuentroinformativo.com.mx\/index.php?rest_route=%2Fwp%2Fv2%2Fcomments&post=40299"}],"version-history":[{"count":1,"href":"https:\/\/encuentroinformativo.com.mx\/index.php?rest_route=\/wp\/v2\/posts\/40299\/revisions"}],"predecessor-version":[{"id":40301,"href":"https:\/\/encuentroinformativo.com.mx\/index.php?rest_route=\/wp\/v2\/posts\/40299\/revisions\/40301"}],"wp:featuredmedia":[{"embeddable":true,"href":"https:\/\/encuentroinformativo.com.mx\/index.php?rest_route=\/wp\/v2\/media\/40300"}],"wp:attachment":[{"href":"https:\/\/encuentroinformativo.com.mx\/index.php?rest_route=%2Fwp%2Fv2%2Fmedia&parent=40299"}],"wp:term":[{"taxonomy":"category","embeddable":true,"href":"https:\/\/encuentroinformativo.com.mx\/index.php?rest_route=%2Fwp%2Fv2%2Fcategories&post=40299"},{"taxonomy":"post_tag","embeddable":true,"href":"https:\/\/encuentroinformativo.com.mx\/index.php?rest_route=%2Fwp%2Fv2%2Ftags&post=40299"}],"curies":[{"name":"wp","href":"https:\/\/api.w.org\/{rel}","templated":true}]}}