{"id":4031,"date":"2020-07-12T12:46:19","date_gmt":"2020-07-12T17:46:19","guid":{"rendered":"https:\/\/encuentroinformativo.com\/?p=4031"},"modified":"2020-07-12T12:46:22","modified_gmt":"2020-07-12T17:46:22","slug":"cuestionan-partidos-casos-de-feminicidios-en-veracruz","status":"publish","type":"post","link":"https:\/\/encuentroinformativo.com.mx\/?p=4031","title":{"rendered":"Cuestionan partidos casos de feminicidios en Veracruz"},"content":{"rendered":"\n<p><strong>Juan Arcos <\/strong><\/p>\n\n\n\n<p>Xalapa, Ver.- La Coordinaci\u00f3n Estatal de Mujeres del Partido de la Revoluci\u00f3n Democr\u00e1tica (PRD) reprob\u00f3 que, en promedio, en la \u00faltima semana fuera asesinada una mujer al d\u00eda en Veracruz.<\/p>\n\n\n\n<p>Cabe recordar que esta entidad ocupa los primeros lugares a nivel nacional en feminicidios.<\/p>\n\n\n\n<p>Las mujeres del Sol Azteca en Veracruz tambi\u00e9n repudiaron que el gobernador Cuitl\u00e1huac Garc\u00eda Jim\u00e9nez no haya retomado el tema de los feminicidios en su informe del pasado 6 de julio.<\/p>\n\n\n\n<p>\u201cDe enero a mayo de 2020, Veracruz mantiene el segundo lugar de entre las 12 entidades federativas con m\u00e1s denuncias por violencia de g\u00e9nero en todas sus modalidades distinta a la violencia familiar\u201d, expusieron.<\/p>\n\n\n\n<p>Adem\u00e1s, lamentaron que el Instituto Veracruzano de las Mujeres (IVM) lleve m\u00e1s de un a\u00f1o ac\u00e9falo, sin titular.<\/p>\n\n\n\n<p>\u201cEl desinter\u00e9s que se vive en dicha dependencia ha tenido muchas consecuencias, colectivos feministas est\u00e1n a la deriva, los refugios para v\u00edctimas de violencia han tenido que cerrar, pues se encuentran sin apoyos, en estos refugios se da atenci\u00f3n profesional psicol\u00f3gica, jur\u00eddica y de trabajo social a mujeres que por su situaci\u00f3n de violencia no ten\u00edan protecci\u00f3n para ellas y sus hijos\u201d.<\/p>\n\n\n\n<p>Recordaron que apenas el domingo pasado, un d\u00eda antes del informe de gobierno, en el municipio de Naolinco apareci\u00f3 el cad\u00e1ver de una ni\u00f1a de 12 a\u00f1os que fue asesinada al parecer por un menor de edad.<\/p>\n\n\n\n<p>&#8220;La problem\u00e1tica de violencia de g\u00e9nero, manifestada de manera f\u00edsica, no es algo nuevo, \u00e9sta sigue estando presente en el entorno familiar; sin embargo, las instituciones encargadas de garantizar los derechos de las mujeres parecen ignorarlos, minimiz\u00e1ndolos, al grado de invisibilizar una problem\u00e1tica que afecta y lastima diariamente a nuestra sociedad\u201d.<\/p>\n\n\n\n<p>Por tal motivo, las mujeres perredistas exigieron al gobierno que se implementen pol\u00edticas p\u00fablicas eficientes, se juzgue con perspectiva de g\u00e9nero y que estas acciones sean la base para garantizar el derecho de todas las ni\u00f1as y mujeres a una vida libre de violencia.<\/p>\n\n\n\n<p><\/p>\n","protected":false},"excerpt":{"rendered":"<p>Juan Arcos Xalapa, Ver.- La Coordinaci\u00f3n Estatal de Mujeres del Partido de la Revoluci\u00f3n Democr\u00e1tica (PRD) reprob\u00f3 que, en promedio, en la \u00faltima semana fuera asesinada una mujer al d\u00eda en Veracruz. Cabe recordar que esta entidad ocupa los primeros lugares a nivel nacional en feminicidios. Las mujeres del Sol Azteca en Veracruz tambi\u00e9n repudiaron [&hellip;]<\/p>\n","protected":false},"author":1,"featured_media":4032,"comment_status":"open","ping_status":"open","sticky":false,"template":"","format":"standard","meta":{"_jetpack_memberships_contains_paid_content":false,"footnotes":""},"categories":[2],"tags":[],"class_list":["post-4031","post","type-post","status-publish","format-standard","has-post-thumbnail","hentry","category-estado"],"jetpack_featured_media_url":"https:\/\/encuentroinformativo.com.mx\/wp-content\/uploads\/2020\/07\/38D6082E-E8A7-4D6F-8A43-F096A7149CD5.jpeg","jetpack_sharing_enabled":true,"jetpack_likes_enabled":true,"amp_enabled":true,"_links":{"self":[{"href":"https:\/\/encuentroinformativo.com.mx\/index.php?rest_route=\/wp\/v2\/posts\/4031","targetHints":{"allow":["GET"]}}],"collection":[{"href":"https:\/\/encuentroinformativo.com.mx\/index.php?rest_route=\/wp\/v2\/posts"}],"about":[{"href":"https:\/\/encuentroinformativo.com.mx\/index.php?rest_route=\/wp\/v2\/types\/post"}],"author":[{"embeddable":true,"href":"https:\/\/encuentroinformativo.com.mx\/index.php?rest_route=\/wp\/v2\/users\/1"}],"replies":[{"embeddable":true,"href":"https:\/\/encuentroinformativo.com.mx\/index.php?rest_route=%2Fwp%2Fv2%2Fcomments&post=4031"}],"version-history":[{"count":1,"href":"https:\/\/encuentroinformativo.com.mx\/index.php?rest_route=\/wp\/v2\/posts\/4031\/revisions"}],"predecessor-version":[{"id":4033,"href":"https:\/\/encuentroinformativo.com.mx\/index.php?rest_route=\/wp\/v2\/posts\/4031\/revisions\/4033"}],"wp:featuredmedia":[{"embeddable":true,"href":"https:\/\/encuentroinformativo.com.mx\/index.php?rest_route=\/wp\/v2\/media\/4032"}],"wp:attachment":[{"href":"https:\/\/encuentroinformativo.com.mx\/index.php?rest_route=%2Fwp%2Fv2%2Fmedia&parent=4031"}],"wp:term":[{"taxonomy":"category","embeddable":true,"href":"https:\/\/encuentroinformativo.com.mx\/index.php?rest_route=%2Fwp%2Fv2%2Fcategories&post=4031"},{"taxonomy":"post_tag","embeddable":true,"href":"https:\/\/encuentroinformativo.com.mx\/index.php?rest_route=%2Fwp%2Fv2%2Ftags&post=4031"}],"curies":[{"name":"wp","href":"https:\/\/api.w.org\/{rel}","templated":true}]}}