{"id":40317,"date":"2023-05-07T14:54:24","date_gmt":"2023-05-07T20:54:24","guid":{"rendered":"https:\/\/encuentroinformativo.com.mx\/?p=40317"},"modified":"2023-05-07T14:54:29","modified_gmt":"2023-05-07T20:54:29","slug":"pide-arzobispo-por-las-vocaciones-sacerdotales","status":"publish","type":"post","link":"https:\/\/encuentroinformativo.com.mx\/?p=40317","title":{"rendered":"Pide Arzobispo por las vocaciones sacerdotales"},"content":{"rendered":"\n<p>Xalapa, Ver.- El Arzobispo de la Arquidi\u00f3cesis de Xalapa, Jorge Carlos Patr\u00f3n Wong en la homil\u00eda de este domingo pidi\u00f3 por las vocaciones sacerdotales, la vida consagrada y laica que est\u00e1n comprometidas con los distintos estados de vida como el matrimonio, la familia, la solter\u00eda y la viudez, siguiendo el mensaje del Papa Francisco en el sentido de que la vida es una vocaci\u00f3n.\u00a0<\/p>\n\n\n\n<figure class=\"wp-block-image size-large\"><img loading=\"lazy\" decoding=\"async\" width=\"1024\" height=\"683\" src=\"https:\/\/encuentroinformativo.com.mx\/wp-content\/uploads\/2023\/05\/Photo_1683492613936-1024x683.jpg\" alt=\"\" class=\"wp-image-40319\" srcset=\"https:\/\/encuentroinformativo.com.mx\/wp-content\/uploads\/2023\/05\/Photo_1683492613936-1024x683.jpg 1024w, https:\/\/encuentroinformativo.com.mx\/wp-content\/uploads\/2023\/05\/Photo_1683492613936-300x200.jpg 300w, https:\/\/encuentroinformativo.com.mx\/wp-content\/uploads\/2023\/05\/Photo_1683492613936-768x512.jpg 768w, https:\/\/encuentroinformativo.com.mx\/wp-content\/uploads\/2023\/05\/Photo_1683492613936-1536x1024.jpg 1536w, https:\/\/encuentroinformativo.com.mx\/wp-content\/uploads\/2023\/05\/Photo_1683492613936.jpg 1968w\" sizes=\"auto, (max-width: 1024px) 100vw, 1024px\" \/><\/figure>\n","protected":false},"excerpt":{"rendered":"<p>Xalapa, Ver.- El Arzobispo de la Arquidi\u00f3cesis de Xalapa, Jorge Carlos Patr\u00f3n Wong en la homil\u00eda de este domingo pidi\u00f3 por las vocaciones sacerdotales, la vida consagrada y laica que est\u00e1n comprometidas con los distintos estados de vida como el matrimonio, la familia, la solter\u00eda y la viudez, siguiendo el mensaje del Papa Francisco en [&hellip;]<\/p>\n","protected":false},"author":2476,"featured_media":40318,"comment_status":"open","ping_status":"open","sticky":false,"template":"","format":"standard","meta":{"_jetpack_memberships_contains_paid_content":false,"footnotes":""},"categories":[3],"tags":[],"class_list":["post-40317","post","type-post","status-publish","format-standard","has-post-thumbnail","hentry","category-xalapa"],"jetpack_featured_media_url":"https:\/\/encuentroinformativo.com.mx\/wp-content\/uploads\/2023\/05\/Photo_1683492578333.jpg","jetpack_sharing_enabled":true,"jetpack_likes_enabled":true,"amp_enabled":true,"_links":{"self":[{"href":"https:\/\/encuentroinformativo.com.mx\/index.php?rest_route=\/wp\/v2\/posts\/40317","targetHints":{"allow":["GET"]}}],"collection":[{"href":"https:\/\/encuentroinformativo.com.mx\/index.php?rest_route=\/wp\/v2\/posts"}],"about":[{"href":"https:\/\/encuentroinformativo.com.mx\/index.php?rest_route=\/wp\/v2\/types\/post"}],"author":[{"embeddable":true,"href":"https:\/\/encuentroinformativo.com.mx\/index.php?rest_route=\/wp\/v2\/users\/2476"}],"replies":[{"embeddable":true,"href":"https:\/\/encuentroinformativo.com.mx\/index.php?rest_route=%2Fwp%2Fv2%2Fcomments&post=40317"}],"version-history":[{"count":1,"href":"https:\/\/encuentroinformativo.com.mx\/index.php?rest_route=\/wp\/v2\/posts\/40317\/revisions"}],"predecessor-version":[{"id":40320,"href":"https:\/\/encuentroinformativo.com.mx\/index.php?rest_route=\/wp\/v2\/posts\/40317\/revisions\/40320"}],"wp:featuredmedia":[{"embeddable":true,"href":"https:\/\/encuentroinformativo.com.mx\/index.php?rest_route=\/wp\/v2\/media\/40318"}],"wp:attachment":[{"href":"https:\/\/encuentroinformativo.com.mx\/index.php?rest_route=%2Fwp%2Fv2%2Fmedia&parent=40317"}],"wp:term":[{"taxonomy":"category","embeddable":true,"href":"https:\/\/encuentroinformativo.com.mx\/index.php?rest_route=%2Fwp%2Fv2%2Fcategories&post=40317"},{"taxonomy":"post_tag","embeddable":true,"href":"https:\/\/encuentroinformativo.com.mx\/index.php?rest_route=%2Fwp%2Fv2%2Ftags&post=40317"}],"curies":[{"name":"wp","href":"https:\/\/api.w.org\/{rel}","templated":true}]}}