{"id":40321,"date":"2023-05-07T14:59:53","date_gmt":"2023-05-07T20:59:53","guid":{"rendered":"https:\/\/encuentroinformativo.com.mx\/?p=40321"},"modified":"2023-05-07T14:59:59","modified_gmt":"2023-05-07T20:59:59","slug":"exhiben-indumentaria-tradicional-de-pueblos-originarios-de-chiapas","status":"publish","type":"post","link":"https:\/\/encuentroinformativo.com.mx\/?p=40321","title":{"rendered":"Exhiben indumentaria tradicional de Pueblos Originarios de Chiapas"},"content":{"rendered":"\n<p>Xalapa, Ver.- En el Centro Recreativo Xalape\u00f1o el p\u00fablico podr\u00e1 conocer la indumentaria tradicional de los Pueblos Originarios Mayas de Chiapas, en una exposici\u00f3n que muestra diversas prendas de las 50 comunidades chiapanecas.<\/p>\n\n\n\n<p>Se muestran ejemplos de varios tipos de telas, ropas y trajes, producto de las manos laboriosas de sus mujeres indigenas fieles a sus vestidos y actividades, cuyas ra\u00edces se remontan a m\u00e1s de 2 mil 500 a\u00f1os, desde los albores de la cultura maya.<\/p>\n\n\n\n<figure class=\"wp-block-image size-large\"><img loading=\"lazy\" decoding=\"async\" width=\"1024\" height=\"683\" src=\"https:\/\/encuentroinformativo.com.mx\/wp-content\/uploads\/2023\/05\/Photo_1683492940679-1024x683.jpg\" alt=\"\" class=\"wp-image-40323\" srcset=\"https:\/\/encuentroinformativo.com.mx\/wp-content\/uploads\/2023\/05\/Photo_1683492940679-1024x683.jpg 1024w, https:\/\/encuentroinformativo.com.mx\/wp-content\/uploads\/2023\/05\/Photo_1683492940679-300x200.jpg 300w, https:\/\/encuentroinformativo.com.mx\/wp-content\/uploads\/2023\/05\/Photo_1683492940679-768x512.jpg 768w, https:\/\/encuentroinformativo.com.mx\/wp-content\/uploads\/2023\/05\/Photo_1683492940679-1536x1024.jpg 1536w, https:\/\/encuentroinformativo.com.mx\/wp-content\/uploads\/2023\/05\/Photo_1683492940679.jpg 1968w\" sizes=\"auto, (max-width: 1024px) 100vw, 1024px\" \/><\/figure>\n\n\n\n<figure class=\"wp-block-image size-large\"><img loading=\"lazy\" decoding=\"async\" width=\"1024\" height=\"683\" src=\"https:\/\/encuentroinformativo.com.mx\/wp-content\/uploads\/2023\/05\/Photo_1683492975205-1024x683.jpg\" alt=\"\" class=\"wp-image-40324\" srcset=\"https:\/\/encuentroinformativo.com.mx\/wp-content\/uploads\/2023\/05\/Photo_1683492975205-1024x683.jpg 1024w, https:\/\/encuentroinformativo.com.mx\/wp-content\/uploads\/2023\/05\/Photo_1683492975205-300x200.jpg 300w, https:\/\/encuentroinformativo.com.mx\/wp-content\/uploads\/2023\/05\/Photo_1683492975205-768x512.jpg 768w, https:\/\/encuentroinformativo.com.mx\/wp-content\/uploads\/2023\/05\/Photo_1683492975205-1536x1024.jpg 1536w, https:\/\/encuentroinformativo.com.mx\/wp-content\/uploads\/2023\/05\/Photo_1683492975205.jpg 1968w\" sizes=\"auto, (max-width: 1024px) 100vw, 1024px\" \/><\/figure>\n","protected":false},"excerpt":{"rendered":"<p>Xalapa, Ver.- En el Centro Recreativo Xalape\u00f1o el p\u00fablico podr\u00e1 conocer la indumentaria tradicional de los Pueblos Originarios Mayas de Chiapas, en una exposici\u00f3n que muestra diversas prendas de las 50 comunidades chiapanecas. Se muestran ejemplos de varios tipos de telas, ropas y trajes, producto de las manos laboriosas de sus mujeres indigenas fieles a [&hellip;]<\/p>\n","protected":false},"author":2476,"featured_media":40322,"comment_status":"open","ping_status":"open","sticky":false,"template":"","format":"standard","meta":{"_jetpack_memberships_contains_paid_content":false,"footnotes":""},"categories":[12,3],"tags":[],"class_list":["post-40321","post","type-post","status-publish","format-standard","has-post-thumbnail","hentry","category-nacional","category-xalapa"],"jetpack_featured_media_url":"https:\/\/encuentroinformativo.com.mx\/wp-content\/uploads\/2023\/05\/Photo_1683493005700.jpg","jetpack_sharing_enabled":true,"jetpack_likes_enabled":true,"amp_enabled":true,"_links":{"self":[{"href":"https:\/\/encuentroinformativo.com.mx\/index.php?rest_route=\/wp\/v2\/posts\/40321","targetHints":{"allow":["GET"]}}],"collection":[{"href":"https:\/\/encuentroinformativo.com.mx\/index.php?rest_route=\/wp\/v2\/posts"}],"about":[{"href":"https:\/\/encuentroinformativo.com.mx\/index.php?rest_route=\/wp\/v2\/types\/post"}],"author":[{"embeddable":true,"href":"https:\/\/encuentroinformativo.com.mx\/index.php?rest_route=\/wp\/v2\/users\/2476"}],"replies":[{"embeddable":true,"href":"https:\/\/encuentroinformativo.com.mx\/index.php?rest_route=%2Fwp%2Fv2%2Fcomments&post=40321"}],"version-history":[{"count":1,"href":"https:\/\/encuentroinformativo.com.mx\/index.php?rest_route=\/wp\/v2\/posts\/40321\/revisions"}],"predecessor-version":[{"id":40325,"href":"https:\/\/encuentroinformativo.com.mx\/index.php?rest_route=\/wp\/v2\/posts\/40321\/revisions\/40325"}],"wp:featuredmedia":[{"embeddable":true,"href":"https:\/\/encuentroinformativo.com.mx\/index.php?rest_route=\/wp\/v2\/media\/40322"}],"wp:attachment":[{"href":"https:\/\/encuentroinformativo.com.mx\/index.php?rest_route=%2Fwp%2Fv2%2Fmedia&parent=40321"}],"wp:term":[{"taxonomy":"category","embeddable":true,"href":"https:\/\/encuentroinformativo.com.mx\/index.php?rest_route=%2Fwp%2Fv2%2Fcategories&post=40321"},{"taxonomy":"post_tag","embeddable":true,"href":"https:\/\/encuentroinformativo.com.mx\/index.php?rest_route=%2Fwp%2Fv2%2Ftags&post=40321"}],"curies":[{"name":"wp","href":"https:\/\/api.w.org\/{rel}","templated":true}]}}