{"id":40336,"date":"2023-05-08T10:20:35","date_gmt":"2023-05-08T16:20:35","guid":{"rendered":"https:\/\/encuentroinformativo.com.mx\/?p=40336"},"modified":"2023-05-08T10:20:39","modified_gmt":"2023-05-08T16:20:39","slug":"mas-de-4-mil-afectados-en-zona-rural-por-falta-de-luz-en-centro-de-salud-de-santa-fe","status":"publish","type":"post","link":"https:\/\/encuentroinformativo.com.mx\/?p=40336","title":{"rendered":"M\u00e1s de 4 mil afectados en zona rural  por falta de luz en Centro de Salud de Santa Fe"},"content":{"rendered":"\n<p><strong>Alejandro \u00c1vila<\/strong><\/p>\n\n\n\n<p>Veracruz, Ver.- Molestia e incertidumbre existe entre los pobladores de la zona rural del municipio de Veracruz, pues desde hace una semana el Centro de Salud de Santa Fe que les brinda atenciones m\u00e9dicas no cuenta con energ\u00eda el\u00e9ctrica.<\/p>\n\n\n\n<p>Los fuertes vientos del norte que dej\u00f3 el Frente Fr\u00edo 52, provoc\u00f3 que desde el pasado 30 de abril el inmueble sufriera de la falta de luz, por lo cual se tuvieron que suspender todas las atenciones a la poblaci\u00f3n.<\/p>\n\n\n\n<p>La falta de luz en el Centro de Salud de la localidad de Santa Fe es com\u00fan, y a pesar que desde el 2020 la encargada gir\u00f3 oficios a la Secretar\u00eda de Salud de Veracruz para que reparen la instalaci\u00f3n el\u00e9ctrica, la dependencia estatal ha hecho caso omiso a su solicitud, vi\u00e9ndose afectados cientos de usuarios.<\/p>\n\n\n\n<p>Seg\u00fan informes, el Centro de Salud de Santa Fe atiende por cita a 16 personas al d\u00eda, 10 en medicina general y 6 en el \u00e1rea de odontolog\u00eda; al momento se han dejado de atender a m\u00e1s de 100 personas, m\u00e1s los que se acumulen en los pr\u00f3ximos d\u00edas.<\/p>\n\n\n\n<p>&#8220;Ellos mismos argumentan su molestia e incertidumbre, ya que tienen aproximadamente 8 d\u00edas que en el Centro de Salud de esa localidad no est\u00e1n brindando atenci\u00f3n m\u00e9dica, ni de vacunas, ni odontol\u00f3gicas. Lo anterior es debido a la falta de energ\u00eda el\u00e9ctrica, ya que dicho inmueble no cuenta con la misma desde el pasado Frente Fr\u00edo. Cabe mencionar que manifiestan ellos mismos que la Comisi\u00f3n Federal ya fue a verificar la problem\u00e1tica que existe en ese inmueble, la cual no le corresponde a ellos sino a la secretar\u00eda de salud invertir en las instalaciones&#8221;, se\u00f1al\u00f3 Eduardo Colorado Zapata.<\/p>\n\n\n\n<p>Usuarios de las localidades de Santa Fe, San Juli\u00e1n, Villar\u00edn y El Pando, han tenido que pagar consultas particulares para continuar con su tratamiento; incluso, algunos han tenido que viajar hasta el puerto de Veracruz para conseguir medicamentos.<\/p>\n\n\n\n<p>&#8220;En este Centro de Salud corresponde dar atenci\u00f3n m\u00e9dica aproximadamente a m\u00e1s de 4 mil personas, que corresponden a la localidades de San Juli\u00e1n, Villar\u00edn, El Pando y Doctor Delfino A. Victoria. La molestia es que no pueden recibir sus servicios m\u00e9dicos en tiempo y forma, as\u00ed como las vacunas y sus tratamientos para diab\u00e9ticos e hipertensos, por lo cual le exigen a las autoridades que le den soluci\u00f3n a este problema&#8221;, culmin\u00f3 el ex Agente Municipal, Eduardo Colorado Zapata.<\/p>\n","protected":false},"excerpt":{"rendered":"<p>Alejandro \u00c1vila Veracruz, Ver.- Molestia e incertidumbre existe entre los pobladores de la zona rural del municipio de Veracruz, pues desde hace una semana el Centro de Salud de Santa Fe que les brinda atenciones m\u00e9dicas no cuenta con energ\u00eda el\u00e9ctrica. Los fuertes vientos del norte que dej\u00f3 el Frente Fr\u00edo 52, provoc\u00f3 que desde [&hellip;]<\/p>\n","protected":false},"author":2476,"featured_media":40337,"comment_status":"open","ping_status":"open","sticky":false,"template":"","format":"standard","meta":{"_jetpack_memberships_contains_paid_content":false,"footnotes":""},"categories":[2],"tags":[],"class_list":["post-40336","post","type-post","status-publish","format-standard","has-post-thumbnail","hentry","category-estado"],"jetpack_featured_media_url":"https:\/\/encuentroinformativo.com.mx\/wp-content\/uploads\/2023\/05\/IMG-20230508-WA0015.jpg","jetpack_sharing_enabled":true,"jetpack_likes_enabled":true,"amp_enabled":true,"_links":{"self":[{"href":"https:\/\/encuentroinformativo.com.mx\/index.php?rest_route=\/wp\/v2\/posts\/40336","targetHints":{"allow":["GET"]}}],"collection":[{"href":"https:\/\/encuentroinformativo.com.mx\/index.php?rest_route=\/wp\/v2\/posts"}],"about":[{"href":"https:\/\/encuentroinformativo.com.mx\/index.php?rest_route=\/wp\/v2\/types\/post"}],"author":[{"embeddable":true,"href":"https:\/\/encuentroinformativo.com.mx\/index.php?rest_route=\/wp\/v2\/users\/2476"}],"replies":[{"embeddable":true,"href":"https:\/\/encuentroinformativo.com.mx\/index.php?rest_route=%2Fwp%2Fv2%2Fcomments&post=40336"}],"version-history":[{"count":1,"href":"https:\/\/encuentroinformativo.com.mx\/index.php?rest_route=\/wp\/v2\/posts\/40336\/revisions"}],"predecessor-version":[{"id":40338,"href":"https:\/\/encuentroinformativo.com.mx\/index.php?rest_route=\/wp\/v2\/posts\/40336\/revisions\/40338"}],"wp:featuredmedia":[{"embeddable":true,"href":"https:\/\/encuentroinformativo.com.mx\/index.php?rest_route=\/wp\/v2\/media\/40337"}],"wp:attachment":[{"href":"https:\/\/encuentroinformativo.com.mx\/index.php?rest_route=%2Fwp%2Fv2%2Fmedia&parent=40336"}],"wp:term":[{"taxonomy":"category","embeddable":true,"href":"https:\/\/encuentroinformativo.com.mx\/index.php?rest_route=%2Fwp%2Fv2%2Fcategories&post=40336"},{"taxonomy":"post_tag","embeddable":true,"href":"https:\/\/encuentroinformativo.com.mx\/index.php?rest_route=%2Fwp%2Fv2%2Ftags&post=40336"}],"curies":[{"name":"wp","href":"https:\/\/api.w.org\/{rel}","templated":true}]}}