{"id":40339,"date":"2023-05-08T10:31:59","date_gmt":"2023-05-08T16:31:59","guid":{"rendered":"https:\/\/encuentroinformativo.com.mx\/?p=40339"},"modified":"2023-05-08T10:32:06","modified_gmt":"2023-05-08T16:32:06","slug":"toman-oficinas-de-direccion-de-bachillerato-mantienen-diversos-reclamos","status":"publish","type":"post","link":"https:\/\/encuentroinformativo.com.mx\/?p=40339","title":{"rendered":"Toman oficinas de Direcci\u00f3n de Bachillerato, mantienen diversos reclamos"},"content":{"rendered":"\n<p><strong>Dar\u00edo Pale <\/strong><\/p>\n\n\n\n<p>Xalapa, Ver.- Martin Antonio Gabriel Secretario de Seguridad Social del comit\u00e9 ejecutivo estatal del Sindicato Magisterial Veracruzano (SIMAV), toman las oficinas de la Direcci\u00f3n General de Bachillerato y la secundaria Art\u00edculo Tercero ya que quieren imponer a una persona a quien acusa de mis\u00f3gina y ya a tenido altercados con sus agremiados.\u00a0<\/p>\n\n\n\n<p>En entrevista se\u00f1al\u00f3 que la toma de las oficinas de la Direcci\u00f3n General de Bachillerato se debe a ra\u00edz que dicha direcci\u00f3n quiere imponer en bachilleres semiescolarizado a una persona que es mis\u00f3gina ya que trata mal a las mujeres.<\/p>\n\n\n\n<p>Esta persona ya tuvo un altercado con una de sus compa\u00f1eras a quien trat\u00f3 mal y le grit\u00f3 delante de sus compa\u00f1eros y la &#8220;sobajo&#8221;, por lo que ellos quieren procesos transparentes y que pongan a una persona capacitada y no a una persona que que llegue a ocupar ese lugar por &#8220;compadrazgo&#8221; de la direcci\u00f3n.<\/p>\n\n\n\n<p>Anteriormente a esta persona de nombre Carlos Wong la ten\u00edan encargada del personal del \u00e1rea administrativa, pertenece al SITEV, advirti\u00f3 que si la quieren dejar de encargada ya ha tenido algunos altercados y conflictos con su organizaci\u00f3n.<\/p>\n\n\n\n<p>El actual director del Art\u00edculo Tercero gan\u00f3 su lugar por medio de la USICAM, y la persona que quieren imponer como encargado no lleva ning\u00fan proceso, han tomado acuerdos y no se han respetado por lo que la instancia que debe atender este problema es la secretaria de educaci\u00f3n media superior y superior.<\/p>\n\n\n\n<p>Tambi\u00e9n dio a conocer que en la Biblioteca Carlos Fuentes no han solucionado el problema de la luz ya que tienen mucho tiempo sin energ\u00eda el\u00e9ctrica.<\/p>\n\n\n\n<p>Adem\u00e1s existe un descontento ya que los cambios de adscripci\u00f3n tardan mucho tiempo las liberaciones, por lo que desconocen cual sea el motivo si es algo en contra de su organizaci\u00f3n, lo cual quieren pensar que no y sea por un proceso administrativo lo que est\u00e1 retrasando el proceso, pero quieren trato igualitario para servir a los docentes y a la poblaci\u00f3n estudiantil.<\/p>\n\n\n\n<p>Finalmente se\u00f1al\u00f3 que mantendr\u00e1n tomadas las oficinas hasta que su Jorge Miguel Uscanga Villalba se re\u00fana con su secretario General Ram\u00f3n Dom\u00ednguez Polo y encuentren una soluci\u00f3n a dicho tema y podr\u00e1n liberar las oficinas.<\/p>\n\n\n\n<figure class=\"wp-block-image size-large\"><img loading=\"lazy\" decoding=\"async\" width=\"1024\" height=\"768\" src=\"https:\/\/encuentroinformativo.com.mx\/wp-content\/uploads\/2023\/05\/IMG-20230508-WA0011-1024x768.jpg\" alt=\"\" class=\"wp-image-40341\" srcset=\"https:\/\/encuentroinformativo.com.mx\/wp-content\/uploads\/2023\/05\/IMG-20230508-WA0011-1024x768.jpg 1024w, https:\/\/encuentroinformativo.com.mx\/wp-content\/uploads\/2023\/05\/IMG-20230508-WA0011-300x225.jpg 300w, https:\/\/encuentroinformativo.com.mx\/wp-content\/uploads\/2023\/05\/IMG-20230508-WA0011-768x576.jpg 768w, https:\/\/encuentroinformativo.com.mx\/wp-content\/uploads\/2023\/05\/IMG-20230508-WA0011-1536x1152.jpg 1536w, https:\/\/encuentroinformativo.com.mx\/wp-content\/uploads\/2023\/05\/IMG-20230508-WA0011.jpg 1600w\" sizes=\"auto, (max-width: 1024px) 100vw, 1024px\" \/><\/figure>\n","protected":false},"excerpt":{"rendered":"<p>Dar\u00edo Pale Xalapa, Ver.- Martin Antonio Gabriel Secretario de Seguridad Social del comit\u00e9 ejecutivo estatal del Sindicato Magisterial Veracruzano (SIMAV), toman las oficinas de la Direcci\u00f3n General de Bachillerato y la secundaria Art\u00edculo Tercero ya que quieren imponer a una persona a quien acusa de mis\u00f3gina y ya a tenido altercados con sus agremiados.\u00a0 En [&hellip;]<\/p>\n","protected":false},"author":2476,"featured_media":40340,"comment_status":"open","ping_status":"open","sticky":false,"template":"","format":"standard","meta":{"_jetpack_memberships_contains_paid_content":false,"footnotes":""},"categories":[3],"tags":[],"class_list":["post-40339","post","type-post","status-publish","format-standard","has-post-thumbnail","hentry","category-xalapa"],"jetpack_featured_media_url":"https:\/\/encuentroinformativo.com.mx\/wp-content\/uploads\/2023\/05\/IMG-20230508-WA0012.jpg","jetpack_sharing_enabled":true,"jetpack_likes_enabled":true,"amp_enabled":true,"_links":{"self":[{"href":"https:\/\/encuentroinformativo.com.mx\/index.php?rest_route=\/wp\/v2\/posts\/40339","targetHints":{"allow":["GET"]}}],"collection":[{"href":"https:\/\/encuentroinformativo.com.mx\/index.php?rest_route=\/wp\/v2\/posts"}],"about":[{"href":"https:\/\/encuentroinformativo.com.mx\/index.php?rest_route=\/wp\/v2\/types\/post"}],"author":[{"embeddable":true,"href":"https:\/\/encuentroinformativo.com.mx\/index.php?rest_route=\/wp\/v2\/users\/2476"}],"replies":[{"embeddable":true,"href":"https:\/\/encuentroinformativo.com.mx\/index.php?rest_route=%2Fwp%2Fv2%2Fcomments&post=40339"}],"version-history":[{"count":1,"href":"https:\/\/encuentroinformativo.com.mx\/index.php?rest_route=\/wp\/v2\/posts\/40339\/revisions"}],"predecessor-version":[{"id":40342,"href":"https:\/\/encuentroinformativo.com.mx\/index.php?rest_route=\/wp\/v2\/posts\/40339\/revisions\/40342"}],"wp:featuredmedia":[{"embeddable":true,"href":"https:\/\/encuentroinformativo.com.mx\/index.php?rest_route=\/wp\/v2\/media\/40340"}],"wp:attachment":[{"href":"https:\/\/encuentroinformativo.com.mx\/index.php?rest_route=%2Fwp%2Fv2%2Fmedia&parent=40339"}],"wp:term":[{"taxonomy":"category","embeddable":true,"href":"https:\/\/encuentroinformativo.com.mx\/index.php?rest_route=%2Fwp%2Fv2%2Fcategories&post=40339"},{"taxonomy":"post_tag","embeddable":true,"href":"https:\/\/encuentroinformativo.com.mx\/index.php?rest_route=%2Fwp%2Fv2%2Ftags&post=40339"}],"curies":[{"name":"wp","href":"https:\/\/api.w.org\/{rel}","templated":true}]}}