{"id":40343,"date":"2023-05-08T10:59:02","date_gmt":"2023-05-08T16:59:02","guid":{"rendered":"https:\/\/encuentroinformativo.com.mx\/?p=40343"},"modified":"2023-05-08T10:59:07","modified_gmt":"2023-05-08T16:59:07","slug":"necesario-integrar-carpetas-de-forma-correcta-por-crimenes-de-odio-callejas","status":"publish","type":"post","link":"https:\/\/encuentroinformativo.com.mx\/?p=40343","title":{"rendered":"Necesario integrar carpetas de forma &#8216;correcta&#8217; por cr\u00edmenes de odio: Callejas"},"content":{"rendered":"\n<p><strong>Dar\u00edo Pale <\/strong><\/p>\n\n\n\n<p>Xalapa, Ver.- De 2016 a la fecha van m\u00e1s de 670 cr\u00edmenes de odio por homofobia Veracruz, en el a\u00f1o 2019 fue el m\u00e1s rojo para la comunidad con 31 casos, por lo que el discurso de odio hacia dicha comunidad se ha recrudecido, as\u00ed lo inform\u00f3 Benjam\u00edn Callejas Hern\u00e1ndez, presidente de la Comisi\u00f3n Estatal LGBTTTIQ+.<\/p>\n\n\n\n<p>En conferencia de prensa se\u00f1al\u00f3 que, &#8220;mucho tiene que ver el discurso que se fomenta en las redes sociales y eso ha originado que la violencia hacia la poblaci\u00f3n diversa en el estado de Veracruz no disminuya&#8221;.<\/p>\n\n\n\n<p>Asimismo, indic\u00f3 que las mismas familias no est\u00e1n denunciando este tipo de hechos, pues, dijo, hay resistencia desde el hogar a reconocer que sus familiares, hijas o hijos pertenecen a esa comunidad.<\/p>\n\n\n\n<p>&#8220;M\u00e1s de 670 cr\u00edmenes de odio por homofobia desde 2016 a la fecha es lo que tenemos contabilizado. 2019 fue el a\u00f1o m\u00e1s rojo para nuestra poblaci\u00f3n con 31 asesinatos, de los cuales, desafortunadamente, se han vinculado a proceso solo 4 (presuntos asesinos)&#8221;, se\u00f1al\u00f3.<\/p>\n\n\n\n<p>En lo que va del presente a\u00f1o van cuatro casos, puso como ejemplo el caso de Miguel \u00c1ngel Xolo de San Andr\u00e9s Tuxtla, el chef que fue asesinado en Xalapa, &#8220;la investigaci\u00f3n deriv\u00f3 que (el presunto responsable) no era vinculado a proceso&#8221;.<\/p>\n\n\n\n<p>En ese sentido, coment\u00f3 que se realizan mesas de di\u00e1logo con la Fiscal\u00eda General del Estado y se encontr\u00f3 que hubo inconsistencias en la integraci\u00f3n de la carpeta de investigaci\u00f3n.\u00a0<\/p>\n\n\n\n<p>&#8220;Nosotros les estamos proponiendo un protocolo que realmente atienda de fondo la problem\u00e1tica de la poblaci\u00f3n de la diversidad sexual del Estado de Veracruz&#8221;, coment\u00f3.<\/p>\n\n\n\n<p>Record\u00f3 que el C\u00f3digo Penal de Veracruz, desde 2017, ya tipifica como crimen de odio la orientaci\u00f3n y la preferencia sexual de las personas.\u00a0<\/p>\n\n\n\n<p>Finalmente se\u00f1al\u00f3 que, &#8220;lo que hemos estado observando es que no hay la armonizaci\u00f3n ni la capacitaci\u00f3n adecuada, tanto de los peritos como de los ministeriales y del personal de la Fiscal\u00eda para poder integrar correctamente \u00a0una carpeta y darle continuidad y seguimiento, pero, sobre todo, el esclarecimiento de estos cr\u00edmenes &#8220;.<\/p>\n","protected":false},"excerpt":{"rendered":"<p>Dar\u00edo Pale Xalapa, Ver.- De 2016 a la fecha van m\u00e1s de 670 cr\u00edmenes de odio por homofobia Veracruz, en el a\u00f1o 2019 fue el m\u00e1s rojo para la comunidad con 31 casos, por lo que el discurso de odio hacia dicha comunidad se ha recrudecido, as\u00ed lo inform\u00f3 Benjam\u00edn Callejas Hern\u00e1ndez, presidente de la [&hellip;]<\/p>\n","protected":false},"author":2476,"featured_media":40344,"comment_status":"open","ping_status":"open","sticky":false,"template":"","format":"standard","meta":{"_jetpack_memberships_contains_paid_content":false,"footnotes":""},"categories":[2],"tags":[],"class_list":["post-40343","post","type-post","status-publish","format-standard","has-post-thumbnail","hentry","category-estado"],"jetpack_featured_media_url":"https:\/\/encuentroinformativo.com.mx\/wp-content\/uploads\/2023\/05\/IMG-20230508-WA0021.jpg","jetpack_sharing_enabled":true,"jetpack_likes_enabled":true,"amp_enabled":true,"_links":{"self":[{"href":"https:\/\/encuentroinformativo.com.mx\/index.php?rest_route=\/wp\/v2\/posts\/40343","targetHints":{"allow":["GET"]}}],"collection":[{"href":"https:\/\/encuentroinformativo.com.mx\/index.php?rest_route=\/wp\/v2\/posts"}],"about":[{"href":"https:\/\/encuentroinformativo.com.mx\/index.php?rest_route=\/wp\/v2\/types\/post"}],"author":[{"embeddable":true,"href":"https:\/\/encuentroinformativo.com.mx\/index.php?rest_route=\/wp\/v2\/users\/2476"}],"replies":[{"embeddable":true,"href":"https:\/\/encuentroinformativo.com.mx\/index.php?rest_route=%2Fwp%2Fv2%2Fcomments&post=40343"}],"version-history":[{"count":1,"href":"https:\/\/encuentroinformativo.com.mx\/index.php?rest_route=\/wp\/v2\/posts\/40343\/revisions"}],"predecessor-version":[{"id":40345,"href":"https:\/\/encuentroinformativo.com.mx\/index.php?rest_route=\/wp\/v2\/posts\/40343\/revisions\/40345"}],"wp:featuredmedia":[{"embeddable":true,"href":"https:\/\/encuentroinformativo.com.mx\/index.php?rest_route=\/wp\/v2\/media\/40344"}],"wp:attachment":[{"href":"https:\/\/encuentroinformativo.com.mx\/index.php?rest_route=%2Fwp%2Fv2%2Fmedia&parent=40343"}],"wp:term":[{"taxonomy":"category","embeddable":true,"href":"https:\/\/encuentroinformativo.com.mx\/index.php?rest_route=%2Fwp%2Fv2%2Fcategories&post=40343"},{"taxonomy":"post_tag","embeddable":true,"href":"https:\/\/encuentroinformativo.com.mx\/index.php?rest_route=%2Fwp%2Fv2%2Ftags&post=40343"}],"curies":[{"name":"wp","href":"https:\/\/api.w.org\/{rel}","templated":true}]}}