{"id":40346,"date":"2023-05-08T13:02:32","date_gmt":"2023-05-08T19:02:32","guid":{"rendered":"https:\/\/encuentroinformativo.com.mx\/?p=40346"},"modified":"2023-05-08T13:02:35","modified_gmt":"2023-05-08T19:02:35","slug":"ladrones-causan-terror-en-fraccionamiento-moderno","status":"publish","type":"post","link":"https:\/\/encuentroinformativo.com.mx\/?p=40346","title":{"rendered":"Ladrones causan terror en fraccionamiento Moderno"},"content":{"rendered":"\n<p><strong>Alejandro \u00c1vila<\/strong><\/p>\n\n\n\n<p>Veracruz, Ver.- Vecinos del fraccionamiento Moderno en el municipio de Veracruz viven con el terror que les infringe una banda delictiva que durante los \u00faltimos meses ha estado desvalijando casas y comercios a plena luz del d\u00eda.<\/p>\n\n\n\n<p>El \u00faltimo gran asalto que dieron, fue a la casa banquetera Gourmet de M\u00e9xico, propiedad de la empresaria, Margarita Palmeros Exsome, negocio al cual en los \u00faltimos dos a\u00f1os le han robado: hornos, tanques de gas, hidroneum\u00e1tico, bombas de agua, bufeteras, cubiertos, copas, escalera, &#8216;diablito&#8217;, compresora, rebanadora, licuadora, cuchillos y ollas.<\/p>\n\n\n\n<p>&#8220;M\u00e1s o menos, como de dos a\u00f1os para ac\u00e1 hemos estado con robos en la cuadra, una de las primeras robos que tuve fue, cortaron las c\u00e1maras, y me robaron un aire acondicionado que estaba en una ventana, se lo llevaron, despu\u00e9s regresaron por unas bicicletas, luego, despu\u00e9s de unos meses, regresaron se llevaron un ventilador y una licuadora, y as\u00ed han ido estando robando. Pero el mes pasado en Semana Santa, de jueves para viernes Santo entr\u00f3 un tipo a la casa, entr\u00f3 con herramienta y me rob\u00f3 el hidroneum\u00e1tico, desgraciadamente todos estos robos suceden de d\u00eda, ya no les importa que los vean las c\u00e1maras, yo tengo alarma, la alarma empieza a sonar, la alarma no les hace ni cosquillas, y pues las c\u00e1maras tampoco&#8221;, mencion\u00f3 la empresaria.<\/p>\n\n\n\n<p>Margarita Palmeros dijo que en el fraccionamiento Moderno, espec\u00edficamente a los alrededores de la calle General Miguel Alem\u00e1n entre Sayula y Tehuantepec, viven personas de la tercera edad, por lo que han sido un blanco f\u00e1cil para los ladrones, quienes incluso se han metido a sus viviendas a robar medicamentos y tanques de ox\u00edgeno.<\/p>\n\n\n\n<p>&#8220;Casi al lado de mi casa, del lado de la calle Tehuantepec, hay un matrimonio mayor que ellos acostumbra a salir a mediod\u00eda, y en una de sus salidas al mediod\u00eda se les metieron a su casa, les llevaron el microondas, varias cosas de la parte de abajo de su casa, de ah\u00ed subieron y fueron directo donde la se\u00f1ora ten\u00eda sus joyas, fueron sus joyas, le quitaron todo, se llevaron hasta medicinas a su esposo. La vecina de al lado de esa se\u00f1ora es una se\u00f1ora tambi\u00e9n mayor que vive con su enfermera, sus hijos la van a visitar y sus hijos la tienen completamente enrejada, porque a la se\u00f1ora ya en una ocasi\u00f3n se la llevaron al hospital, regresaron, y a la se\u00f1ora le vaciaron su casa y entre esas cosas se llevaron hasta su tanque de ox\u00edgeno&#8221;, se\u00f1al\u00f3 Margarita Palmeros.<\/p>\n\n\n\n<p>El \u00faltimo robo lo dieron la tarde de este domingo en la casa bancartera Gourmet de M\u00e9xico, donde incluso rompieron cerrojos y violentaron protecciones para poder ingresar a la parte superior de la vivienda; ante esta situaci\u00f3n los vecinos preparan una denuncia colectiva ante la Fiscal\u00eda Regional de Veracruz, sin embargo solicitan el reforzamiento de seguridad en la zona, pues aseguran tener identificado mediante las videoc\u00e1maras a uno de los l\u00edderes de la banda.<\/p>\n","protected":false},"excerpt":{"rendered":"<p>Alejandro \u00c1vila Veracruz, Ver.- Vecinos del fraccionamiento Moderno en el municipio de Veracruz viven con el terror que les infringe una banda delictiva que durante los \u00faltimos meses ha estado desvalijando casas y comercios a plena luz del d\u00eda. El \u00faltimo gran asalto que dieron, fue a la casa banquetera Gourmet de M\u00e9xico, propiedad de [&hellip;]<\/p>\n","protected":false},"author":2476,"featured_media":40347,"comment_status":"open","ping_status":"open","sticky":false,"template":"","format":"standard","meta":{"_jetpack_memberships_contains_paid_content":false,"footnotes":""},"categories":[14],"tags":[],"class_list":["post-40346","post","type-post","status-publish","format-standard","has-post-thumbnail","hentry","category-policiaca"],"jetpack_featured_media_url":"https:\/\/encuentroinformativo.com.mx\/wp-content\/uploads\/2023\/05\/IMG-20230508-WA00382.jpg","jetpack_sharing_enabled":true,"jetpack_likes_enabled":true,"amp_enabled":true,"_links":{"self":[{"href":"https:\/\/encuentroinformativo.com.mx\/index.php?rest_route=\/wp\/v2\/posts\/40346","targetHints":{"allow":["GET"]}}],"collection":[{"href":"https:\/\/encuentroinformativo.com.mx\/index.php?rest_route=\/wp\/v2\/posts"}],"about":[{"href":"https:\/\/encuentroinformativo.com.mx\/index.php?rest_route=\/wp\/v2\/types\/post"}],"author":[{"embeddable":true,"href":"https:\/\/encuentroinformativo.com.mx\/index.php?rest_route=\/wp\/v2\/users\/2476"}],"replies":[{"embeddable":true,"href":"https:\/\/encuentroinformativo.com.mx\/index.php?rest_route=%2Fwp%2Fv2%2Fcomments&post=40346"}],"version-history":[{"count":1,"href":"https:\/\/encuentroinformativo.com.mx\/index.php?rest_route=\/wp\/v2\/posts\/40346\/revisions"}],"predecessor-version":[{"id":40349,"href":"https:\/\/encuentroinformativo.com.mx\/index.php?rest_route=\/wp\/v2\/posts\/40346\/revisions\/40349"}],"wp:featuredmedia":[{"embeddable":true,"href":"https:\/\/encuentroinformativo.com.mx\/index.php?rest_route=\/wp\/v2\/media\/40347"}],"wp:attachment":[{"href":"https:\/\/encuentroinformativo.com.mx\/index.php?rest_route=%2Fwp%2Fv2%2Fmedia&parent=40346"}],"wp:term":[{"taxonomy":"category","embeddable":true,"href":"https:\/\/encuentroinformativo.com.mx\/index.php?rest_route=%2Fwp%2Fv2%2Fcategories&post=40346"},{"taxonomy":"post_tag","embeddable":true,"href":"https:\/\/encuentroinformativo.com.mx\/index.php?rest_route=%2Fwp%2Fv2%2Ftags&post=40346"}],"curies":[{"name":"wp","href":"https:\/\/api.w.org\/{rel}","templated":true}]}}