{"id":40353,"date":"2023-05-08T13:06:26","date_gmt":"2023-05-08T19:06:26","guid":{"rendered":"https:\/\/encuentroinformativo.com.mx\/?p=40353"},"modified":"2023-05-08T13:06:30","modified_gmt":"2023-05-08T19:06:30","slug":"alarma-a-ciudadanos-de-tlalixcoyan-detonaciones-en-piedras-negras","status":"publish","type":"post","link":"https:\/\/encuentroinformativo.com.mx\/?p=40353","title":{"rendered":"Alarma a ciudadanos de Tlalixcoyan detonaciones en Piedras Negras"},"content":{"rendered":"\n<p><strong>Alejandro \u00c1vila<\/strong><\/p>\n\n\n\n<p>Tlalixcoyan, Ver.- La ma\u00f1ana de este lunes ciudadanos de la localidad de Piedras Negras en el municipio de Tlalixcoyan, vivieron momentos de angustia est\u00e1s el reporte de sujetos con armas de fuego rondando las principales calles de la ciudad.<\/p>\n\n\n\n<p>Un ciudadano dio el reporte al n\u00famero de emergencias 911, sobre el avistamiento de sujetos con arma de fuego en un bald\u00edo ubicado sobre la calle Nicol\u00e1s Bravo entre Melchor Ocampo y Miguel Hidalgo.<\/p>\n\n\n\n<p>En la zona dijo que se lograba apreciar un autom\u00f3vil tipo March color blanco con varios impactos de bala en el parabrisas; al sitio se trasladaron elementos de la Polic\u00eda Municipal a bordo de la unidad 001, qui\u00e9nes supervisaron el \u00e1rea.<\/p>\n\n\n\n<p>Hasta el momento no se ha dado ninguna informaci\u00f3n oficial sobre el aseguramiento del veh\u00edculo y armas de fuego, as\u00ed como la detenci\u00f3n de los presuntos delincuentes; se espera que en pr\u00f3ximas horas la Secretar\u00eda de Seguridad P\u00fablica emita alg\u00fan comunicado al respecto.<\/p>\n\n\n\n<p>Jos\u00e9 Francisco Guti\u00e9rrez, director de Seguridad P\u00fablica municipal de Tlalixcoyan; y Luis Antonio Pe\u00f1a Ram\u00f3n, Primer Comandante de la Polic\u00eda Municipal de Tlalixcoyan reforzaron los rondines en la zona para reforzar la seguridad en el \u00e1rea.<\/p>\n","protected":false},"excerpt":{"rendered":"<p>Alejandro \u00c1vila Tlalixcoyan, Ver.- La ma\u00f1ana de este lunes ciudadanos de la localidad de Piedras Negras en el municipio de Tlalixcoyan, vivieron momentos de angustia est\u00e1s el reporte de sujetos con armas de fuego rondando las principales calles de la ciudad. Un ciudadano dio el reporte al n\u00famero de emergencias 911, sobre el avistamiento de [&hellip;]<\/p>\n","protected":false},"author":2476,"featured_media":40354,"comment_status":"open","ping_status":"open","sticky":false,"template":"","format":"standard","meta":{"_jetpack_memberships_contains_paid_content":false,"footnotes":""},"categories":[14],"tags":[],"class_list":["post-40353","post","type-post","status-publish","format-standard","has-post-thumbnail","hentry","category-policiaca"],"jetpack_featured_media_url":"https:\/\/encuentroinformativo.com.mx\/wp-content\/uploads\/2023\/05\/IMG-20230508-WA0056.jpg","jetpack_sharing_enabled":true,"jetpack_likes_enabled":true,"amp_enabled":true,"_links":{"self":[{"href":"https:\/\/encuentroinformativo.com.mx\/index.php?rest_route=\/wp\/v2\/posts\/40353","targetHints":{"allow":["GET"]}}],"collection":[{"href":"https:\/\/encuentroinformativo.com.mx\/index.php?rest_route=\/wp\/v2\/posts"}],"about":[{"href":"https:\/\/encuentroinformativo.com.mx\/index.php?rest_route=\/wp\/v2\/types\/post"}],"author":[{"embeddable":true,"href":"https:\/\/encuentroinformativo.com.mx\/index.php?rest_route=\/wp\/v2\/users\/2476"}],"replies":[{"embeddable":true,"href":"https:\/\/encuentroinformativo.com.mx\/index.php?rest_route=%2Fwp%2Fv2%2Fcomments&post=40353"}],"version-history":[{"count":1,"href":"https:\/\/encuentroinformativo.com.mx\/index.php?rest_route=\/wp\/v2\/posts\/40353\/revisions"}],"predecessor-version":[{"id":40355,"href":"https:\/\/encuentroinformativo.com.mx\/index.php?rest_route=\/wp\/v2\/posts\/40353\/revisions\/40355"}],"wp:featuredmedia":[{"embeddable":true,"href":"https:\/\/encuentroinformativo.com.mx\/index.php?rest_route=\/wp\/v2\/media\/40354"}],"wp:attachment":[{"href":"https:\/\/encuentroinformativo.com.mx\/index.php?rest_route=%2Fwp%2Fv2%2Fmedia&parent=40353"}],"wp:term":[{"taxonomy":"category","embeddable":true,"href":"https:\/\/encuentroinformativo.com.mx\/index.php?rest_route=%2Fwp%2Fv2%2Fcategories&post=40353"},{"taxonomy":"post_tag","embeddable":true,"href":"https:\/\/encuentroinformativo.com.mx\/index.php?rest_route=%2Fwp%2Fv2%2Ftags&post=40353"}],"curies":[{"name":"wp","href":"https:\/\/api.w.org\/{rel}","templated":true}]}}