{"id":40356,"date":"2023-05-08T13:13:03","date_gmt":"2023-05-08T19:13:03","guid":{"rendered":"https:\/\/encuentroinformativo.com.mx\/?p=40356"},"modified":"2023-05-08T13:13:07","modified_gmt":"2023-05-08T19:13:07","slug":"con-protesta-demanda-reinstalacion-en-el-dif","status":"publish","type":"post","link":"https:\/\/encuentroinformativo.com.mx\/?p=40356","title":{"rendered":"Con protesta, demanda reinstalaci\u00f3n en el DIF"},"content":{"rendered":"\n<p><strong>Dar\u00edo Pale <\/strong><\/p>\n\n\n\n<p>Xalapa, Ver.- La doctora Jazmin Zacid Gonz\u00e1lez Fuentes quien se desempe\u00f1aba como cirujano dentista de jornada acumulable en el DIF estatal, se manifest\u00f3 en la plaza Lerdo para denunciar que fue despedida de forma injustificada dese hace siete meses y quiere su reinstalaci\u00f3n.<\/p>\n\n\n\n<p>Entrevistada durante la manifestaci\u00f3n acus\u00f3 que la licenciada Rebeca Quintanar desde el d\u00eda 14 de noviembre la ha estado buscando y hasta el d\u00eda de hoy no la ha localizado, hubo la intenci\u00f3n de que fuera reinstalada el 27 de marzo y no fue cierto acus\u00f3 que solo le vieron la cara.<\/p>\n\n\n\n<p>Coment\u00f3 que el licenciado Ir\u00e1n Guzman V\u00e1zquez ya realizado una investigaci\u00f3n con lo cual saco un acuerdo de calificaci\u00f3n de todas las falta que cometi\u00f3 la maestra Nayelli Martinez Calderon directora administrativa y la licenciada Ana Iris Hernandez Lopez subdirectora de recursos humanos del DIF estatal a quienes tambien acus\u00f3 de abusar de sus \u00a0derechos laborales ya que no le permitieron pasar a su lugar de trabajo, y que hubo violencia hacia ella.<\/p>\n\n\n\n<p>Ella exige su reinstalaci\u00f3n y que le paguen sus salarios ca\u00eddos y que la reconozcan como afiliada a su sindicato general del dif estatal Veracruz desde el dia uno que pueda ingresar, ya present\u00f3 la denuncia por la v\u00eda laboral.<\/p>\n\n\n\n<p>Dio a conocer que ella es v\u00edctima reconocida en la comisi\u00f3n estatal de v\u00edctimas , y es acompa\u00f1ada por una persona de esta comisi\u00f3n.<\/p>\n\n\n\n<p>Record\u00f3 que se manifest\u00f3 el d\u00eda primero de mayo a un costado del palacio y fue atendida por uno de direcci\u00f3n jur\u00eddica del DIF, pero no le dieron soluci\u00f3n a su caso solo le dan vueltas al \u00a0problema y no lo resuelven, y ella necesita una respuesta ya que tiene un hijo que mantener.<\/p>\n\n\n\n<p>Por \u00faltimo acus\u00f3 que han actuado con dolo con mala fe ya es personal, los funcionarios que la atendieron le dieron nombres falsos, espera que esto se haga medi\u00e1tico ya que en alg\u00fan momento debe de haber soluci\u00f3n a su problema.<\/p>\n","protected":false},"excerpt":{"rendered":"<p>Dar\u00edo Pale Xalapa, Ver.- La doctora Jazmin Zacid Gonz\u00e1lez Fuentes quien se desempe\u00f1aba como cirujano dentista de jornada acumulable en el DIF estatal, se manifest\u00f3 en la plaza Lerdo para denunciar que fue despedida de forma injustificada dese hace siete meses y quiere su reinstalaci\u00f3n. Entrevistada durante la manifestaci\u00f3n acus\u00f3 que la licenciada Rebeca Quintanar [&hellip;]<\/p>\n","protected":false},"author":2476,"featured_media":40357,"comment_status":"open","ping_status":"open","sticky":false,"template":"","format":"standard","meta":{"_jetpack_memberships_contains_paid_content":false,"footnotes":""},"categories":[3],"tags":[],"class_list":["post-40356","post","type-post","status-publish","format-standard","has-post-thumbnail","hentry","category-xalapa"],"jetpack_featured_media_url":"https:\/\/encuentroinformativo.com.mx\/wp-content\/uploads\/2023\/05\/IMG-20230508-WA0061.jpg","jetpack_sharing_enabled":true,"jetpack_likes_enabled":true,"amp_enabled":true,"_links":{"self":[{"href":"https:\/\/encuentroinformativo.com.mx\/index.php?rest_route=\/wp\/v2\/posts\/40356","targetHints":{"allow":["GET"]}}],"collection":[{"href":"https:\/\/encuentroinformativo.com.mx\/index.php?rest_route=\/wp\/v2\/posts"}],"about":[{"href":"https:\/\/encuentroinformativo.com.mx\/index.php?rest_route=\/wp\/v2\/types\/post"}],"author":[{"embeddable":true,"href":"https:\/\/encuentroinformativo.com.mx\/index.php?rest_route=\/wp\/v2\/users\/2476"}],"replies":[{"embeddable":true,"href":"https:\/\/encuentroinformativo.com.mx\/index.php?rest_route=%2Fwp%2Fv2%2Fcomments&post=40356"}],"version-history":[{"count":1,"href":"https:\/\/encuentroinformativo.com.mx\/index.php?rest_route=\/wp\/v2\/posts\/40356\/revisions"}],"predecessor-version":[{"id":40358,"href":"https:\/\/encuentroinformativo.com.mx\/index.php?rest_route=\/wp\/v2\/posts\/40356\/revisions\/40358"}],"wp:featuredmedia":[{"embeddable":true,"href":"https:\/\/encuentroinformativo.com.mx\/index.php?rest_route=\/wp\/v2\/media\/40357"}],"wp:attachment":[{"href":"https:\/\/encuentroinformativo.com.mx\/index.php?rest_route=%2Fwp%2Fv2%2Fmedia&parent=40356"}],"wp:term":[{"taxonomy":"category","embeddable":true,"href":"https:\/\/encuentroinformativo.com.mx\/index.php?rest_route=%2Fwp%2Fv2%2Fcategories&post=40356"},{"taxonomy":"post_tag","embeddable":true,"href":"https:\/\/encuentroinformativo.com.mx\/index.php?rest_route=%2Fwp%2Fv2%2Ftags&post=40356"}],"curies":[{"name":"wp","href":"https:\/\/api.w.org\/{rel}","templated":true}]}}