{"id":40359,"date":"2023-05-08T13:19:05","date_gmt":"2023-05-08T19:19:05","guid":{"rendered":"https:\/\/encuentroinformativo.com.mx\/?p=40359"},"modified":"2023-05-08T13:19:09","modified_gmt":"2023-05-08T19:19:09","slug":"pobladores-reclaman-agua-en-tlalnelhuayocan","status":"publish","type":"post","link":"https:\/\/encuentroinformativo.com.mx\/?p=40359","title":{"rendered":"Pobladores reclaman agua en Tlalnelhuayocan"},"content":{"rendered":"\n<p><strong>Juan Arcos <\/strong><\/p>\n\n\n\n<p>San Andr\u00e9s Tlalnelhuayocan, Ver.- Las localidades Espina Blanca y Dos Trancas del municipio de San Andr\u00e9s Tlalnelhuayocan carecen de agua potable desde hace tres meses.<\/p>\n\n\n\n<p>Los pobladores protestaron afuera del Palacio Municipal de Tlalnelhuayocan, la ma\u00f1ana de este lunes 8 de mayo, para exigir el restablecimiento del servicio.<\/p>\n\n\n\n<p>Los quejosos dialogaron con la alcaldesa morenista Fanny Alejandra Mu\u00f1oz Alfonso afuera del recinto p\u00fablico para recordarle que el pueblo la apoy\u00f3 con su voto y que ahora necesitan que resuelva el problema mencionado lo antes posibles.<\/p>\n\n\n\n<p>Los pobladores se dijeron molestos debido a que el ayuntamiento est\u00e1 violentando su derecho al agua, pues durante mesesno han podido cubrir las necesidades b\u00e1sicas de sus familias.<\/p>\n\n\n\n<p>Las autoridades municipales admitieron que se han secado los manantiales que abastec\u00edan a la poblaci\u00f3n y justificaron que ha habido quejas por tomas clandestinas de agua.<\/p>\n\n\n\n<p>Tambi\u00e9n argumentaron que se han detectado puntos para cavar pozos en busca de agua; sin embargo, se encuentran dentro de propiedades privadas y los due\u00f1os no permitieron al ayuntamiento realizar las maniobras.<\/p>\n\n\n\n<p>Cabe recordar que las localidades de Tlalnelhuayocan han padecido la escasez de agua desde hace varios a\u00f1os. Los pobladores han exigido un proyecto integral para garantizar el servicio, pero han sido ignorados.<\/p>\n\n\n\n<p>La alcaldesa Fanny Alejandra Mu\u00f1oz Alfonso acus\u00f3 a los pobladores de las comunidades Espina Blanca y Dos Trancas de pretender \u201csacar raja pol\u00edtica\u201d con su protesta de este lunes, a pesar de que llevan varios meses sin agua.<\/p>\n\n\n\n<p>\u201cS\u00e9 lo dif\u00edcil que es estar sin agua, es un problema que no llegu\u00e9 con \u00e9l. Aqu\u00ed estoy porque quiero darles una soluci\u00f3n, vamos a llegar a una soluci\u00f3n s\u00f3lo si nos ponemos de acuerdo, si cada quien quiere jalar y sacar raja pol\u00edtica de esto, cr\u00e9anme que est\u00e1n en su derecho\u201d.<\/p>\n\n\n\n<p>Despu\u00e9s de varios minutos de di\u00e1logo, el personal del ayuntamiento y los lugare\u00f1os acordaron conformar un comit\u00e9 ciudadano para establecer una mesa de trabajo y dar seguimiento a este tema que afecta a cientos de familias.<\/p>\n\n\n\n<figure class=\"wp-block-image size-large\"><img loading=\"lazy\" decoding=\"async\" width=\"1024\" height=\"768\" src=\"https:\/\/encuentroinformativo.com.mx\/wp-content\/uploads\/2023\/05\/IMG_2114-1024x768.jpg\" alt=\"\" class=\"wp-image-40361\" srcset=\"https:\/\/encuentroinformativo.com.mx\/wp-content\/uploads\/2023\/05\/IMG_2114-1024x768.jpg 1024w, https:\/\/encuentroinformativo.com.mx\/wp-content\/uploads\/2023\/05\/IMG_2114-300x225.jpg 300w, https:\/\/encuentroinformativo.com.mx\/wp-content\/uploads\/2023\/05\/IMG_2114-768x576.jpg 768w, https:\/\/encuentroinformativo.com.mx\/wp-content\/uploads\/2023\/05\/IMG_2114-1536x1152.jpg 1536w, https:\/\/encuentroinformativo.com.mx\/wp-content\/uploads\/2023\/05\/IMG_2114.jpg 2016w\" sizes=\"auto, (max-width: 1024px) 100vw, 1024px\" \/><\/figure>\n","protected":false},"excerpt":{"rendered":"<p>Juan Arcos San Andr\u00e9s Tlalnelhuayocan, Ver.- Las localidades Espina Blanca y Dos Trancas del municipio de San Andr\u00e9s Tlalnelhuayocan carecen de agua potable desde hace tres meses. Los pobladores protestaron afuera del Palacio Municipal de Tlalnelhuayocan, la ma\u00f1ana de este lunes 8 de mayo, para exigir el restablecimiento del servicio. Los quejosos dialogaron con la [&hellip;]<\/p>\n","protected":false},"author":2476,"featured_media":40360,"comment_status":"open","ping_status":"open","sticky":false,"template":"","format":"standard","meta":{"_jetpack_memberships_contains_paid_content":false,"footnotes":""},"categories":[8],"tags":[],"class_list":["post-40359","post","type-post","status-publish","format-standard","has-post-thumbnail","hentry","category-region"],"jetpack_featured_media_url":"https:\/\/encuentroinformativo.com.mx\/wp-content\/uploads\/2023\/05\/IMG_2103.jpg","jetpack_sharing_enabled":true,"jetpack_likes_enabled":true,"amp_enabled":true,"_links":{"self":[{"href":"https:\/\/encuentroinformativo.com.mx\/index.php?rest_route=\/wp\/v2\/posts\/40359","targetHints":{"allow":["GET"]}}],"collection":[{"href":"https:\/\/encuentroinformativo.com.mx\/index.php?rest_route=\/wp\/v2\/posts"}],"about":[{"href":"https:\/\/encuentroinformativo.com.mx\/index.php?rest_route=\/wp\/v2\/types\/post"}],"author":[{"embeddable":true,"href":"https:\/\/encuentroinformativo.com.mx\/index.php?rest_route=\/wp\/v2\/users\/2476"}],"replies":[{"embeddable":true,"href":"https:\/\/encuentroinformativo.com.mx\/index.php?rest_route=%2Fwp%2Fv2%2Fcomments&post=40359"}],"version-history":[{"count":1,"href":"https:\/\/encuentroinformativo.com.mx\/index.php?rest_route=\/wp\/v2\/posts\/40359\/revisions"}],"predecessor-version":[{"id":40362,"href":"https:\/\/encuentroinformativo.com.mx\/index.php?rest_route=\/wp\/v2\/posts\/40359\/revisions\/40362"}],"wp:featuredmedia":[{"embeddable":true,"href":"https:\/\/encuentroinformativo.com.mx\/index.php?rest_route=\/wp\/v2\/media\/40360"}],"wp:attachment":[{"href":"https:\/\/encuentroinformativo.com.mx\/index.php?rest_route=%2Fwp%2Fv2%2Fmedia&parent=40359"}],"wp:term":[{"taxonomy":"category","embeddable":true,"href":"https:\/\/encuentroinformativo.com.mx\/index.php?rest_route=%2Fwp%2Fv2%2Fcategories&post=40359"},{"taxonomy":"post_tag","embeddable":true,"href":"https:\/\/encuentroinformativo.com.mx\/index.php?rest_route=%2Fwp%2Fv2%2Ftags&post=40359"}],"curies":[{"name":"wp","href":"https:\/\/api.w.org\/{rel}","templated":true}]}}