{"id":40366,"date":"2023-05-08T13:34:26","date_gmt":"2023-05-08T19:34:26","guid":{"rendered":"https:\/\/encuentroinformativo.com.mx\/?p=40366"},"modified":"2023-05-08T13:34:30","modified_gmt":"2023-05-08T19:34:30","slug":"rechazan-vecinos-eliminacion-de-parada-de-autobuses-en-las-trancas","status":"publish","type":"post","link":"https:\/\/encuentroinformativo.com.mx\/?p=40366","title":{"rendered":"Rechazan vecinos eliminaci\u00f3n de parada de autobuses en Las Trancas"},"content":{"rendered":"\n<p><strong>Juan Arcos <\/strong><\/p>\n\n\n\n<p>Xalapa, Ver.- Vecinos de diversas colonias de la zona sur de Xalapa podr\u00edan iniciar una serie de manifestaciones debido a que eliminaron la parada de autob\u00fas que se encontraba a un costado del vivero El Olmo.<\/p>\n\n\n\n<p>Los quejosos indicaron que las autoridades tomaron dicha decisi\u00f3n debido a los trabajos que se llevan a cabo para la construcci\u00f3n de un puente en la zona de Las Trancas.<\/p>\n\n\n\n<p>Los pobladores est\u00e1n molestos porque est\u00e1n siendo obligados a descender de los autobuses hasta la zona de Las Trancas, teniendo que caminar grandes distancias para trasladarse a sus domicilios.<\/p>\n\n\n\n<p>\u201cNo dejan que los camiones de trasporte p\u00fablico se estacionen. Ahora est\u00e1n pidiendo a los pasajeros que se bajen hasta la zona de Trancas, en mi caso, que tengo que bajar en El Olmo tengo que ir hasta Trancas\u201d, expresaron.<\/p>\n\n\n\n<p>Los agentes de la Direcci\u00f3n General de Tr\u00e1nsito y Seguridad Vial (DGTSV), que se encuentran en la zona, comentaron a los vecinos que el ayuntamiento de Xalapa tom\u00f3 la determinaci\u00f3n de suprimir dicha parada de autobuses.<\/p>\n\n\n\n<p>\u201cLes dije que entonces al rato le dir\u00e9 a mis vecinos que salgamos y exijamos una parada ac\u00e1, porque no hay otra manera. Nos est\u00e1n afectando a nosotros\u201d, comentaron.<\/p>\n\n\n\n<p>Las personas indicaron que las autoridades del ayuntamiento en ning\u00fan momento buscaron un acercamiento para conocer la opini\u00f3n de los pobladores de las colonias El Olmo, Balcones de Xalapa y Rinc\u00f3n del Olmo, por mencionar algunas.<\/p>\n\n\n\n<p>Por tal motivo, indicaron que llevar\u00e1n a cabo reuniones vecinales para acordar las acciones a emprender durante los pr\u00f3ximos d\u00edas, en la zona sur de Xalapa.<\/p>\n\n\n\n<figure class=\"wp-block-image size-large\"><img loading=\"lazy\" decoding=\"async\" width=\"961\" height=\"721\" src=\"https:\/\/encuentroinformativo.com.mx\/wp-content\/uploads\/2023\/05\/a6a801fc-5cc3-48a7-8b41-6657a88515d3.jpg\" alt=\"\" class=\"wp-image-40368\" srcset=\"https:\/\/encuentroinformativo.com.mx\/wp-content\/uploads\/2023\/05\/a6a801fc-5cc3-48a7-8b41-6657a88515d3.jpg 961w, https:\/\/encuentroinformativo.com.mx\/wp-content\/uploads\/2023\/05\/a6a801fc-5cc3-48a7-8b41-6657a88515d3-300x225.jpg 300w, https:\/\/encuentroinformativo.com.mx\/wp-content\/uploads\/2023\/05\/a6a801fc-5cc3-48a7-8b41-6657a88515d3-768x576.jpg 768w\" sizes=\"auto, (max-width: 961px) 100vw, 961px\" \/><\/figure>\n","protected":false},"excerpt":{"rendered":"<p>Juan Arcos Xalapa, Ver.- Vecinos de diversas colonias de la zona sur de Xalapa podr\u00edan iniciar una serie de manifestaciones debido a que eliminaron la parada de autob\u00fas que se encontraba a un costado del vivero El Olmo. Los quejosos indicaron que las autoridades tomaron dicha decisi\u00f3n debido a los trabajos que se llevan a [&hellip;]<\/p>\n","protected":false},"author":2476,"featured_media":40367,"comment_status":"open","ping_status":"open","sticky":false,"template":"","format":"standard","meta":{"_jetpack_memberships_contains_paid_content":false,"footnotes":""},"categories":[8],"tags":[],"class_list":["post-40366","post","type-post","status-publish","format-standard","has-post-thumbnail","hentry","category-region"],"jetpack_featured_media_url":"https:\/\/encuentroinformativo.com.mx\/wp-content\/uploads\/2023\/05\/ae976e86-cc7c-4bc2-8ce9-813dfa95d6a3.jpg","jetpack_sharing_enabled":true,"jetpack_likes_enabled":true,"amp_enabled":true,"_links":{"self":[{"href":"https:\/\/encuentroinformativo.com.mx\/index.php?rest_route=\/wp\/v2\/posts\/40366","targetHints":{"allow":["GET"]}}],"collection":[{"href":"https:\/\/encuentroinformativo.com.mx\/index.php?rest_route=\/wp\/v2\/posts"}],"about":[{"href":"https:\/\/encuentroinformativo.com.mx\/index.php?rest_route=\/wp\/v2\/types\/post"}],"author":[{"embeddable":true,"href":"https:\/\/encuentroinformativo.com.mx\/index.php?rest_route=\/wp\/v2\/users\/2476"}],"replies":[{"embeddable":true,"href":"https:\/\/encuentroinformativo.com.mx\/index.php?rest_route=%2Fwp%2Fv2%2Fcomments&post=40366"}],"version-history":[{"count":1,"href":"https:\/\/encuentroinformativo.com.mx\/index.php?rest_route=\/wp\/v2\/posts\/40366\/revisions"}],"predecessor-version":[{"id":40369,"href":"https:\/\/encuentroinformativo.com.mx\/index.php?rest_route=\/wp\/v2\/posts\/40366\/revisions\/40369"}],"wp:featuredmedia":[{"embeddable":true,"href":"https:\/\/encuentroinformativo.com.mx\/index.php?rest_route=\/wp\/v2\/media\/40367"}],"wp:attachment":[{"href":"https:\/\/encuentroinformativo.com.mx\/index.php?rest_route=%2Fwp%2Fv2%2Fmedia&parent=40366"}],"wp:term":[{"taxonomy":"category","embeddable":true,"href":"https:\/\/encuentroinformativo.com.mx\/index.php?rest_route=%2Fwp%2Fv2%2Fcategories&post=40366"},{"taxonomy":"post_tag","embeddable":true,"href":"https:\/\/encuentroinformativo.com.mx\/index.php?rest_route=%2Fwp%2Fv2%2Ftags&post=40366"}],"curies":[{"name":"wp","href":"https:\/\/api.w.org\/{rel}","templated":true}]}}