{"id":40375,"date":"2023-05-08T14:11:02","date_gmt":"2023-05-08T20:11:02","guid":{"rendered":"https:\/\/encuentroinformativo.com.mx\/?p=40375"},"modified":"2023-05-08T14:11:08","modified_gmt":"2023-05-08T20:11:08","slug":"refuerzan-operativos-de-rescates-humanitarios-en-veracruz","status":"publish","type":"post","link":"https:\/\/encuentroinformativo.com.mx\/?p=40375","title":{"rendered":"Refuerzan operativos de rescates humanitarios en Veracruz"},"content":{"rendered":"\n<p><strong>Dar\u00edo Pale <\/strong><\/p>\n\n\n\n<p>Xalapa, Ver.- El gobernador del estado Cuitl\u00e1huac Garc\u00eda Jim\u00e9nez inform\u00f3 que este lunes dio inicio en todo el estado un operativo de reforzamiento de rescate humanitario de migrantes.<\/p>\n\n\n\n<p>En conferencia de prensa inform\u00f3 que este d\u00eda se puso en marcha un operativo para rescatar a migrantes el cual se realiza en colaboraci\u00f3n entre estados del sur sureste del pa\u00eds como Veracruz, Tabasco, Oaxaca, Chiapas y Campeche.<\/p>\n\n\n\n<p>El Gobierno de Veracruz coadyuva con el Instituto Nacional de Migraci\u00f3n (INM) para ubicar a migrantes que son trasladados por la delincuencia organizada en condiciones riesgosas.\u00a0<\/p>\n\n\n\n<p>\u201cNos coordinamos con el INM y fuerzas federales para hacer rescates humanitarios y la intenci\u00f3n \u00a0es impedir a la delincuencia organizada que haga tr\u00e1fico de personas y apoyar para que no vaya a suceder alguna situaci\u00f3n lamentable\u201d, se\u00f1al\u00f3.<\/p>\n\n\n\n<p>Garc\u00eda Jim\u00e9nez dijo que en ocasiones los migrantes son abandonados en tr\u00e1ileres y los dejan encerrados poniendo en riesgo su vida.\u00a0<\/p>\n\n\n\n<p>Finalmente coment\u00f3 que, \u201ca veces ocurren accidentes y los delincuentes abandonan a los migrantes, los dejan a la deriva y queremos evitar que pase lo que ocurri\u00f3 en Estados Unidos donde migrantes fallecieron asfixiados en un cami\u00f3n tractor\u201d.<\/p>\n","protected":false},"excerpt":{"rendered":"<p>Dar\u00edo Pale Xalapa, Ver.- El gobernador del estado Cuitl\u00e1huac Garc\u00eda Jim\u00e9nez inform\u00f3 que este lunes dio inicio en todo el estado un operativo de reforzamiento de rescate humanitario de migrantes. En conferencia de prensa inform\u00f3 que este d\u00eda se puso en marcha un operativo para rescatar a migrantes el cual se realiza en colaboraci\u00f3n entre [&hellip;]<\/p>\n","protected":false},"author":2476,"featured_media":40376,"comment_status":"open","ping_status":"open","sticky":false,"template":"","format":"standard","meta":{"_jetpack_memberships_contains_paid_content":false,"footnotes":""},"categories":[2],"tags":[],"class_list":["post-40375","post","type-post","status-publish","format-standard","has-post-thumbnail","hentry","category-estado"],"jetpack_featured_media_url":"https:\/\/encuentroinformativo.com.mx\/wp-content\/uploads\/2023\/05\/Photo_1683576450694.jpg","jetpack_sharing_enabled":true,"jetpack_likes_enabled":true,"amp_enabled":true,"_links":{"self":[{"href":"https:\/\/encuentroinformativo.com.mx\/index.php?rest_route=\/wp\/v2\/posts\/40375","targetHints":{"allow":["GET"]}}],"collection":[{"href":"https:\/\/encuentroinformativo.com.mx\/index.php?rest_route=\/wp\/v2\/posts"}],"about":[{"href":"https:\/\/encuentroinformativo.com.mx\/index.php?rest_route=\/wp\/v2\/types\/post"}],"author":[{"embeddable":true,"href":"https:\/\/encuentroinformativo.com.mx\/index.php?rest_route=\/wp\/v2\/users\/2476"}],"replies":[{"embeddable":true,"href":"https:\/\/encuentroinformativo.com.mx\/index.php?rest_route=%2Fwp%2Fv2%2Fcomments&post=40375"}],"version-history":[{"count":1,"href":"https:\/\/encuentroinformativo.com.mx\/index.php?rest_route=\/wp\/v2\/posts\/40375\/revisions"}],"predecessor-version":[{"id":40377,"href":"https:\/\/encuentroinformativo.com.mx\/index.php?rest_route=\/wp\/v2\/posts\/40375\/revisions\/40377"}],"wp:featuredmedia":[{"embeddable":true,"href":"https:\/\/encuentroinformativo.com.mx\/index.php?rest_route=\/wp\/v2\/media\/40376"}],"wp:attachment":[{"href":"https:\/\/encuentroinformativo.com.mx\/index.php?rest_route=%2Fwp%2Fv2%2Fmedia&parent=40375"}],"wp:term":[{"taxonomy":"category","embeddable":true,"href":"https:\/\/encuentroinformativo.com.mx\/index.php?rest_route=%2Fwp%2Fv2%2Fcategories&post=40375"},{"taxonomy":"post_tag","embeddable":true,"href":"https:\/\/encuentroinformativo.com.mx\/index.php?rest_route=%2Fwp%2Fv2%2Ftags&post=40375"}],"curies":[{"name":"wp","href":"https:\/\/api.w.org\/{rel}","templated":true}]}}