{"id":40383,"date":"2023-05-08T17:17:12","date_gmt":"2023-05-08T23:17:12","guid":{"rendered":"https:\/\/encuentroinformativo.com.mx\/?p=40383"},"modified":"2023-05-08T17:17:16","modified_gmt":"2023-05-08T23:17:16","slug":"graduan-a-segunda-generacion-de-lideres-solidarios","status":"publish","type":"post","link":"https:\/\/encuentroinformativo.com.mx\/?p=40383","title":{"rendered":"Graduan a segunda generaci\u00f3n de L\u00edderes Solidarios"},"content":{"rendered":"\n<p><strong>Alejandro \u00c1vila<\/strong><\/p>\n\n\n\n<p>Veracruz, Ver.- Este lunes se gradu\u00f3 la segunda generaci\u00f3n de L\u00edderes Solidarios, programa que busca impulsar el emprendimiento y empoderamiento de las mujeres del municipio de Veracruz.<\/p>\n\n\n\n<p>Es de mencionar que este proyecto se inici\u00f3 hace 10 a\u00f1os a trav\u00e9s de la Fundaci\u00f3n &#8220;Mujeres de Impacto Social&#8221; que preside, Lissethe Mart\u00ednez Echeverr\u00eda; ahora como regidora, la edil morenista logr\u00f3 que programa fuera avalada por la Secretar\u00eda de Desarrollo Econ\u00f3mico y Portuario (SEDECOP).<\/p>\n\n\n\n<p>\u201cTuve el orgullo de poder graduar a doscientos cincuenta y ocho personas con el programa L\u00edderes Solidarios que realizo desde mi Regiduria, con la intenci\u00f3n de poder desarrollar el aprendizaje para un oficio, como son los talleres de reposter\u00eda y cocina, bachillerato en l\u00ednea, barber shop, aplicaci\u00f3n en t\u00e9cnicas de u\u00f1as, maquillistas profesionales y aplicadoras de cejas\u201d<\/p>\n\n\n\n<p>\u201cEste tipo de actividades las llevamos haciendo desde hace casi diez a\u00f1os de manera gratuita, primero con mi fundaci\u00f3n y ahora desde la cuesti\u00f3n p\u00fablica, pero siempre con recurso de una servidora; por que se que no es f\u00e1cil, pero puedo decir que quien no ha vivido la necesidad, dif\u00edcilmente dar\u00e1 una soluci\u00f3n, y por esto es que he buscado llevar estos apoyos para que m\u00e1s familias puedan salir adelante\u201d<\/p>\n\n\n\n<p>El Programa trabaja de la mano con maestras y maestros certificados, adem\u00e1s de ser el \u00fanico en su tipo que es respaldado por la SEDECOP (Secretar\u00eda de Desarrollo Econ\u00f3mico y Portuario) , brindando as\u00ed un documento con valor curricular.<\/p>\n\n\n\n<p>\u201cEste es un proceso en donde las personas interesadas en algunos de los diferentes beneficios del programa, se acercan a la regidur\u00eda, ellos eligen qu\u00e9 taller tomar , y la duraci\u00f3n del mismo es de cinco meses. Estos se clasifican en b\u00e1sico y avanzado, para que las y los alumnos salgan como todo unos profesionales\u201d, explic\u00f3 la regidora.<\/p>\n\n\n\n<p>\u201cTambi\u00e9n tenemos el caso de que si alg\u00fan ciudadano quiere estos servicios para su colonia, nos dicen, agendamos una visita de diagn\u00f3stico y ellos \u00fanicamente ponen el lugar, la fecha y hora, una servidora pone el resto, la intenci\u00f3n es dar las herramientas para que la persona no tenga excusas de poder aprender un oficio que lo ayude a tener un mejor o un ingreso extra para sus familias\u201d finaliz\u00f3.<\/p>\n","protected":false},"excerpt":{"rendered":"<p>Alejandro \u00c1vila Veracruz, Ver.- Este lunes se gradu\u00f3 la segunda generaci\u00f3n de L\u00edderes Solidarios, programa que busca impulsar el emprendimiento y empoderamiento de las mujeres del municipio de Veracruz. Es de mencionar que este proyecto se inici\u00f3 hace 10 a\u00f1os a trav\u00e9s de la Fundaci\u00f3n &#8220;Mujeres de Impacto Social&#8221; que preside, Lissethe Mart\u00ednez Echeverr\u00eda; ahora [&hellip;]<\/p>\n","protected":false},"author":2476,"featured_media":40384,"comment_status":"open","ping_status":"open","sticky":false,"template":"","format":"standard","meta":{"_jetpack_memberships_contains_paid_content":false,"footnotes":""},"categories":[2],"tags":[],"class_list":["post-40383","post","type-post","status-publish","format-standard","has-post-thumbnail","hentry","category-estado"],"jetpack_featured_media_url":"https:\/\/encuentroinformativo.com.mx\/wp-content\/uploads\/2023\/05\/IMG-20230508-WA01312.jpg","jetpack_sharing_enabled":true,"jetpack_likes_enabled":true,"amp_enabled":true,"_links":{"self":[{"href":"https:\/\/encuentroinformativo.com.mx\/index.php?rest_route=\/wp\/v2\/posts\/40383","targetHints":{"allow":["GET"]}}],"collection":[{"href":"https:\/\/encuentroinformativo.com.mx\/index.php?rest_route=\/wp\/v2\/posts"}],"about":[{"href":"https:\/\/encuentroinformativo.com.mx\/index.php?rest_route=\/wp\/v2\/types\/post"}],"author":[{"embeddable":true,"href":"https:\/\/encuentroinformativo.com.mx\/index.php?rest_route=\/wp\/v2\/users\/2476"}],"replies":[{"embeddable":true,"href":"https:\/\/encuentroinformativo.com.mx\/index.php?rest_route=%2Fwp%2Fv2%2Fcomments&post=40383"}],"version-history":[{"count":1,"href":"https:\/\/encuentroinformativo.com.mx\/index.php?rest_route=\/wp\/v2\/posts\/40383\/revisions"}],"predecessor-version":[{"id":40385,"href":"https:\/\/encuentroinformativo.com.mx\/index.php?rest_route=\/wp\/v2\/posts\/40383\/revisions\/40385"}],"wp:featuredmedia":[{"embeddable":true,"href":"https:\/\/encuentroinformativo.com.mx\/index.php?rest_route=\/wp\/v2\/media\/40384"}],"wp:attachment":[{"href":"https:\/\/encuentroinformativo.com.mx\/index.php?rest_route=%2Fwp%2Fv2%2Fmedia&parent=40383"}],"wp:term":[{"taxonomy":"category","embeddable":true,"href":"https:\/\/encuentroinformativo.com.mx\/index.php?rest_route=%2Fwp%2Fv2%2Fcategories&post=40383"},{"taxonomy":"post_tag","embeddable":true,"href":"https:\/\/encuentroinformativo.com.mx\/index.php?rest_route=%2Fwp%2Fv2%2Ftags&post=40383"}],"curies":[{"name":"wp","href":"https:\/\/api.w.org\/{rel}","templated":true}]}}