{"id":40387,"date":"2023-05-08T19:44:43","date_gmt":"2023-05-09T01:44:43","guid":{"rendered":"https:\/\/encuentroinformativo.com.mx\/?p=40387"},"modified":"2023-05-08T19:44:48","modified_gmt":"2023-05-09T01:44:48","slug":"otro-accidente-en-elevador-de-torre-pediatrica-dejo-4-lesionados","status":"publish","type":"post","link":"https:\/\/encuentroinformativo.com.mx\/?p=40387","title":{"rendered":"\u00a1Otro accidente! en elevador de Torre Pedi\u00e1trica, dej\u00f3 4 lesionados"},"content":{"rendered":"\n<p><strong>Juan Arcos <\/strong><\/p>\n\n\n\n<p>Xalapa, Ver.- En menos de un mes se han registrado tres incidentes por fallas mec\u00e1nicas en los elevadores de la Torre Pedi\u00e1trica del Hospital Infantil de Veracruz, lo que ha dejado como saldo varias personas lesionadas y representa un peligro para pacientes, visitantes y el personal del nosocomio.<\/p>\n\n\n\n<p>La ma\u00f1ana de este lunes 8 de mayo se dio a conocer que un elevador colaps\u00f3 nuevamente y descendi\u00f3 un piso, dejando cuatro personas lesionadas, quienes fueron trasladadas a otro hospital para su atenci\u00f3n m\u00e9dica.<\/p>\n\n\n\n<p>La Torre Pedi\u00e1trica se ubicada sobre\u00a0la avenida 20 de Noviembre, en el centro hist\u00f3rico de la ciudad de Veracruz, donde han sido constantes las quejas por las deficiencias en los elevadores.<\/p>\n\n\n\n<p>El elevador cay\u00f3 del tercero al segundo piso y en su interior se encontraban la doctora Lizzeth Caso, del \u00e1rea de epidemiolog\u00eda; la doctora Erika Fuentes, de hospitalizaci\u00f3n de neurolog\u00eda; Alejandro Guzm\u00e1n, interno del \u00e1rea de Neurolog\u00eda; y Jerenny Rodr\u00edguez Mujica, del \u00e1rea de cocina.<\/p>\n\n\n\n<p>Los heridos fueron trasladados de emergencia al Hospital de Alta Especialidad del Instituto de Seguridad y Servicios Sociales de los Trabajadores del Estado (Issste), que se localiza a una cuadra del Zool\u00f3gico \u201cMiguel \u00c1ngel de Quevedo\u201d.<\/p>\n\n\n\n<p>La doctora Erika Fuentes presenta un esguince de segundo grado y Jerenny Rodr\u00edguez Mujica result\u00f3 con un esguince del tercer grado, quienes recibieron la atenci\u00f3n correspondiente.<\/p>\n\n\n\n<p>Los trabajadores indicaron que esta situaci\u00f3n se debe a la falta de supervisi\u00f3n y seguimiento del \u00e1rea de mantenimiento, a cargo del t\u00e9cnico Jos\u00e9 Manuel R\u00edos C\u00f3zar, pues consideraron que carece de experiencia para ocupar dicho cargo. Adem\u00e1s, criticaron la falta de supervisi\u00f3n por parte de la administradora Marcela Ya\u00f1ez Tapia.<\/p>\n\n\n\n<p>El pasado 17 de abril, dos enfermeras tambi\u00e9n resultaron lesionadas por el desplome de uno de los elevadores. Hace un par de semanas ocurri\u00f3 otro incidente donde una doctora qued\u00f3 encerrada y result\u00f3 herida.<\/p>\n\n\n\n<p>El secretario de Salud en Veracruz, Gerardo D\u00edaz Morales, ha negado los incidentes mencionados, a pesar de que los lesionados han exhibido p\u00fablicamente estos casos.<\/p>\n\n\n\n<p>Los trabajadores pidieron nuevamente al gobernador Cuitlahuac Garc\u00eda Jim\u00e9nez que se revise la situaci\u00f3n y se deslinden responsabilidades, toda vez que la seguridad del personal y los pacientes est\u00e1 en riesgo.<\/p>\n","protected":false},"excerpt":{"rendered":"<p>Juan Arcos Xalapa, Ver.- En menos de un mes se han registrado tres incidentes por fallas mec\u00e1nicas en los elevadores de la Torre Pedi\u00e1trica del Hospital Infantil de Veracruz, lo que ha dejado como saldo varias personas lesionadas y representa un peligro para pacientes, visitantes y el personal del nosocomio. La ma\u00f1ana de este lunes [&hellip;]<\/p>\n","protected":false},"author":2476,"featured_media":40388,"comment_status":"open","ping_status":"open","sticky":false,"template":"","format":"standard","meta":{"_jetpack_memberships_contains_paid_content":false,"footnotes":""},"categories":[9],"tags":[],"class_list":["post-40387","post","type-post","status-publish","format-standard","has-post-thumbnail","hentry","category-salud"],"jetpack_featured_media_url":"https:\/\/encuentroinformativo.com.mx\/wp-content\/uploads\/2023\/05\/IMG_2210.jpg","jetpack_sharing_enabled":true,"jetpack_likes_enabled":true,"amp_enabled":true,"_links":{"self":[{"href":"https:\/\/encuentroinformativo.com.mx\/index.php?rest_route=\/wp\/v2\/posts\/40387","targetHints":{"allow":["GET"]}}],"collection":[{"href":"https:\/\/encuentroinformativo.com.mx\/index.php?rest_route=\/wp\/v2\/posts"}],"about":[{"href":"https:\/\/encuentroinformativo.com.mx\/index.php?rest_route=\/wp\/v2\/types\/post"}],"author":[{"embeddable":true,"href":"https:\/\/encuentroinformativo.com.mx\/index.php?rest_route=\/wp\/v2\/users\/2476"}],"replies":[{"embeddable":true,"href":"https:\/\/encuentroinformativo.com.mx\/index.php?rest_route=%2Fwp%2Fv2%2Fcomments&post=40387"}],"version-history":[{"count":1,"href":"https:\/\/encuentroinformativo.com.mx\/index.php?rest_route=\/wp\/v2\/posts\/40387\/revisions"}],"predecessor-version":[{"id":40389,"href":"https:\/\/encuentroinformativo.com.mx\/index.php?rest_route=\/wp\/v2\/posts\/40387\/revisions\/40389"}],"wp:featuredmedia":[{"embeddable":true,"href":"https:\/\/encuentroinformativo.com.mx\/index.php?rest_route=\/wp\/v2\/media\/40388"}],"wp:attachment":[{"href":"https:\/\/encuentroinformativo.com.mx\/index.php?rest_route=%2Fwp%2Fv2%2Fmedia&parent=40387"}],"wp:term":[{"taxonomy":"category","embeddable":true,"href":"https:\/\/encuentroinformativo.com.mx\/index.php?rest_route=%2Fwp%2Fv2%2Fcategories&post=40387"},{"taxonomy":"post_tag","embeddable":true,"href":"https:\/\/encuentroinformativo.com.mx\/index.php?rest_route=%2Fwp%2Fv2%2Ftags&post=40387"}],"curies":[{"name":"wp","href":"https:\/\/api.w.org\/{rel}","templated":true}]}}