{"id":40404,"date":"2023-05-09T13:04:32","date_gmt":"2023-05-09T19:04:32","guid":{"rendered":"https:\/\/encuentroinformativo.com.mx\/?p=40404"},"modified":"2023-05-09T13:04:36","modified_gmt":"2023-05-09T19:04:36","slug":"invitan-a-feria-en-miradores","status":"publish","type":"post","link":"https:\/\/encuentroinformativo.com.mx\/?p=40404","title":{"rendered":"Invitan a Feria en Miradores"},"content":{"rendered":"\n<p><strong>Dar\u00edo Pale <\/strong><\/p>\n\n\n\n<p>Xalapa, Ver.- Ya viene la tercera edici\u00f3n de la Feria Regional Miradores del Mar en el municipio de Emiliano Zapata, dicho evento ser\u00e1 del 11 al 15 de mayo, as\u00ed lo dio a conocer Carlos Viveros, presidente de la Junta de Mejoras.<\/p>\n\n\n\n<p>En conferencia de prensa se\u00f1al\u00f3 que, &#8220;hay un pabell\u00f3n gratuito para todos los artesanos, en esta feria, todo artesano puede asistir y buscar su espacio sin costo. Es de 15 por 70 metros&#8221;.<\/p>\n\n\n\n<p>Asimismo, coment\u00f3 que habr\u00e1 un Teatro del Pueblo que estar\u00e1 toda la feria y habr\u00e1 m\u00e1s de 15 eventos culturales gratuitos.\u00a0<\/p>\n\n\n\n<p>Destac\u00f3 que habr\u00e1 un gran baile con Nelson Kanzela, as\u00ed como noche de rodeo y guerra de acordeones, as\u00ed como siete jinetes y sus montas.\u00a0<\/p>\n\n\n\n<p>El s\u00e1bado 13 de mayo habr\u00e1 un baile gratuito con Los Cumbianeros y Los de Cuba. El 14 de mayo habr\u00e1 lucha libre y por primera ocasi\u00f3n carreras de Off Road, el 14 de mayo a las 11 de la ma\u00f1ana.\u00a0<\/p>\n\n\n\n<p>Finalmente dio a conocer que habr\u00e1 estacionamiento gratuito ya que se espera la visita de 25 mil personas y una derrama econ\u00f3mica de dos millones de pesos.<\/p>\n","protected":false},"excerpt":{"rendered":"<p>Dar\u00edo Pale Xalapa, Ver.- Ya viene la tercera edici\u00f3n de la Feria Regional Miradores del Mar en el municipio de Emiliano Zapata, dicho evento ser\u00e1 del 11 al 15 de mayo, as\u00ed lo dio a conocer Carlos Viveros, presidente de la Junta de Mejoras. En conferencia de prensa se\u00f1al\u00f3 que, &#8220;hay un pabell\u00f3n gratuito para [&hellip;]<\/p>\n","protected":false},"author":2476,"featured_media":40406,"comment_status":"open","ping_status":"open","sticky":false,"template":"","format":"standard","meta":{"_jetpack_memberships_contains_paid_content":false,"footnotes":""},"categories":[8],"tags":[],"class_list":["post-40404","post","type-post","status-publish","format-standard","has-post-thumbnail","hentry","category-region"],"jetpack_featured_media_url":"https:\/\/encuentroinformativo.com.mx\/wp-content\/uploads\/2023\/05\/IMG-20230509-WA0033-1.jpg","jetpack_sharing_enabled":true,"jetpack_likes_enabled":true,"amp_enabled":true,"_links":{"self":[{"href":"https:\/\/encuentroinformativo.com.mx\/index.php?rest_route=\/wp\/v2\/posts\/40404","targetHints":{"allow":["GET"]}}],"collection":[{"href":"https:\/\/encuentroinformativo.com.mx\/index.php?rest_route=\/wp\/v2\/posts"}],"about":[{"href":"https:\/\/encuentroinformativo.com.mx\/index.php?rest_route=\/wp\/v2\/types\/post"}],"author":[{"embeddable":true,"href":"https:\/\/encuentroinformativo.com.mx\/index.php?rest_route=\/wp\/v2\/users\/2476"}],"replies":[{"embeddable":true,"href":"https:\/\/encuentroinformativo.com.mx\/index.php?rest_route=%2Fwp%2Fv2%2Fcomments&post=40404"}],"version-history":[{"count":1,"href":"https:\/\/encuentroinformativo.com.mx\/index.php?rest_route=\/wp\/v2\/posts\/40404\/revisions"}],"predecessor-version":[{"id":40407,"href":"https:\/\/encuentroinformativo.com.mx\/index.php?rest_route=\/wp\/v2\/posts\/40404\/revisions\/40407"}],"wp:featuredmedia":[{"embeddable":true,"href":"https:\/\/encuentroinformativo.com.mx\/index.php?rest_route=\/wp\/v2\/media\/40406"}],"wp:attachment":[{"href":"https:\/\/encuentroinformativo.com.mx\/index.php?rest_route=%2Fwp%2Fv2%2Fmedia&parent=40404"}],"wp:term":[{"taxonomy":"category","embeddable":true,"href":"https:\/\/encuentroinformativo.com.mx\/index.php?rest_route=%2Fwp%2Fv2%2Fcategories&post=40404"},{"taxonomy":"post_tag","embeddable":true,"href":"https:\/\/encuentroinformativo.com.mx\/index.php?rest_route=%2Fwp%2Fv2%2Ftags&post=40404"}],"curies":[{"name":"wp","href":"https:\/\/api.w.org\/{rel}","templated":true}]}}