{"id":40415,"date":"2023-05-09T13:38:13","date_gmt":"2023-05-09T19:38:13","guid":{"rendered":"https:\/\/encuentroinformativo.com.mx\/?p=40415"},"modified":"2023-05-09T13:38:17","modified_gmt":"2023-05-09T19:38:17","slug":"madres-de-colectivos-marcharan-el-10-de-mayo","status":"publish","type":"post","link":"https:\/\/encuentroinformativo.com.mx\/?p=40415","title":{"rendered":"Madres de colectivos marchar\u00e1n el 10 de mayo"},"content":{"rendered":"\n<p><strong>Juan Arcos <\/strong><\/p>\n\n\n\n<p>Xalapa, Ver.- Mam\u00e1s que integran colectivos de b\u00fasqueda marchar\u00e1n en la ciudad de Xalapa durante su d\u00eda, debido a que sus hijos est\u00e1n desaparecidos y no hay avances en las investigaciones para su localizaci\u00f3n.<\/p>\n\n\n\n<p>A las 10:00 horas del 10 de mayo, D\u00eda de las Madres, se concentrar\u00e1n en las inmediaciones pante\u00f3n Palo Verde, para posteriormente caminar hacia Palacio de Gobierno, recorrido que han realizado a\u00f1o tras a\u00f1o.<\/p>\n\n\n\n<p>Mar\u00eda Elena Guti\u00e9rrez Dom\u00ednguez, del Colectivo Buscando a Nuestros Desaparecidos y Desaparecidas Veracruz, invit\u00f3 a la poblaci\u00f3n a que se sume la movilizaci\u00f3n, para acompa\u00f1ar a las madres que contin\u00faan en la b\u00fasqueda de sus hijos.<\/p>\n\n\n\n<p>Ella busca a su sobrino Rafael Espinosa Guti\u00e9rrez, quien laboraba en el Tribunal Electoral de Veracruz (TEV) y desapareci\u00f3 desde el 15 de agosto de 2013, en la ciudad de Xalapa.<\/p>\n\n\n\n<p>El Colectivo Buscando a Nuestros Desaparecidos y Desaparecidas Veracruz convoca a los familiares de desaparecidos y a la poblaci\u00f3n en general a la marcha programada para este mi\u00e9rcoles.<\/p>\n\n\n\n<p>\u201c\u00a1Este d\u00eda no es de fiesta, es de lucha, solidarizada y protesta!\u201d, indicaron los integrantes de dicho colectivo.<\/p>\n\n\n\n<p>Otros colectivos de familiares de desaparecidos suelen concentrarse afuera del Teatro del Estado \u201cIgnacio de la Llave\u201d, para despu\u00e9s caminar sobre la avenida Manuel \u00c1vila Camacho, hacer una parada en el Monumento a la Madre y luego dirigirse hacia Plaza Sebasti\u00e1n Lerdo de Tejada.<\/p>\n\n\n\n<p>Las mam\u00e1s levantar\u00e1n nuevamente la voz para exigir a las autoridades que agilicen las b\u00fasquedas y las investigaciones en cada caso de personas desaparecidas, para la localizaci\u00f3n de sus seres m\u00e1s queridos.<\/p>\n\n\n\n<p>Ellas han denunciado p\u00fablicamente que hay casos de larga data, de hace m\u00e1s de diez a\u00f1os, cuyas indagatorias por parte de las autoridades no avanzan<\/p>\n","protected":false},"excerpt":{"rendered":"<p>Juan Arcos Xalapa, Ver.- Mam\u00e1s que integran colectivos de b\u00fasqueda marchar\u00e1n en la ciudad de Xalapa durante su d\u00eda, debido a que sus hijos est\u00e1n desaparecidos y no hay avances en las investigaciones para su localizaci\u00f3n. A las 10:00 horas del 10 de mayo, D\u00eda de las Madres, se concentrar\u00e1n en las inmediaciones pante\u00f3n Palo [&hellip;]<\/p>\n","protected":false},"author":2476,"featured_media":40416,"comment_status":"open","ping_status":"open","sticky":false,"template":"","format":"standard","meta":{"_jetpack_memberships_contains_paid_content":false,"footnotes":""},"categories":[3],"tags":[],"class_list":["post-40415","post","type-post","status-publish","format-standard","has-post-thumbnail","hentry","category-xalapa"],"jetpack_featured_media_url":"https:\/\/encuentroinformativo.com.mx\/wp-content\/uploads\/2023\/05\/IMG_6880.jpg","jetpack_sharing_enabled":true,"jetpack_likes_enabled":true,"amp_enabled":true,"_links":{"self":[{"href":"https:\/\/encuentroinformativo.com.mx\/index.php?rest_route=\/wp\/v2\/posts\/40415","targetHints":{"allow":["GET"]}}],"collection":[{"href":"https:\/\/encuentroinformativo.com.mx\/index.php?rest_route=\/wp\/v2\/posts"}],"about":[{"href":"https:\/\/encuentroinformativo.com.mx\/index.php?rest_route=\/wp\/v2\/types\/post"}],"author":[{"embeddable":true,"href":"https:\/\/encuentroinformativo.com.mx\/index.php?rest_route=\/wp\/v2\/users\/2476"}],"replies":[{"embeddable":true,"href":"https:\/\/encuentroinformativo.com.mx\/index.php?rest_route=%2Fwp%2Fv2%2Fcomments&post=40415"}],"version-history":[{"count":1,"href":"https:\/\/encuentroinformativo.com.mx\/index.php?rest_route=\/wp\/v2\/posts\/40415\/revisions"}],"predecessor-version":[{"id":40417,"href":"https:\/\/encuentroinformativo.com.mx\/index.php?rest_route=\/wp\/v2\/posts\/40415\/revisions\/40417"}],"wp:featuredmedia":[{"embeddable":true,"href":"https:\/\/encuentroinformativo.com.mx\/index.php?rest_route=\/wp\/v2\/media\/40416"}],"wp:attachment":[{"href":"https:\/\/encuentroinformativo.com.mx\/index.php?rest_route=%2Fwp%2Fv2%2Fmedia&parent=40415"}],"wp:term":[{"taxonomy":"category","embeddable":true,"href":"https:\/\/encuentroinformativo.com.mx\/index.php?rest_route=%2Fwp%2Fv2%2Fcategories&post=40415"},{"taxonomy":"post_tag","embeddable":true,"href":"https:\/\/encuentroinformativo.com.mx\/index.php?rest_route=%2Fwp%2Fv2%2Ftags&post=40415"}],"curies":[{"name":"wp","href":"https:\/\/api.w.org\/{rel}","templated":true}]}}