{"id":40418,"date":"2023-05-09T13:48:30","date_gmt":"2023-05-09T19:48:30","guid":{"rendered":"https:\/\/encuentroinformativo.com.mx\/?p=40418"},"modified":"2023-05-09T13:48:34","modified_gmt":"2023-05-09T19:48:34","slug":"desintegran-banda-delincuencial-involucrada-en-homicidio-de-director-de-cordoba","status":"publish","type":"post","link":"https:\/\/encuentroinformativo.com.mx\/?p=40418","title":{"rendered":"Desintegran banda delincuencial, involucrada en homicidio de director de C\u00f3rdoba"},"content":{"rendered":"\n<p><strong>Dar\u00edo Pale <\/strong><\/p>\n\n\n\n<p>Xalapa, Ver.- Banda de secuestradores implicada en asesinato de profesor de C\u00f3rdoba, autoridades dan pormenores del operativo llevado a cabo el 27 de abril en Fort\u00edn donde liberaron a dos v\u00edctimas de secuestro, hay varias coincidencias, videos, datos de pruebas que al menos implica a dos en el asesinato.<\/p>\n\n\n\n<p>En conferencia de prensa la Fiscal General del Estado (FGE), Ver\u00f3nica Hern\u00e1ndez Giad\u00e1ns, revel\u00f3 que en el crimen del profesor de C\u00f3rdoba, Jos\u00e9 Alfredo Contreras Balderas, ocurrido el pasado 24 de abril, se presume la participaci\u00f3n de la misma banda delictiva que fue desarticulada tras el secuestro de dos personas en Fort\u00edn de las Flores.<\/p>\n\n\n\n<p>Mostr\u00f3 videos en donde se aprecia que por lo menos dos de los integrantes de esa banda, presuntamente participaron como autores materiales del homicidio del docente.<\/p>\n\n\n\n<p>Se\u00f1al\u00f3 que el pasado 24 de abril de este a\u00f1o se inici\u00f3 la carpeta de investigaci\u00f3n por el homicidio del docente Jos\u00e9 Alfredo Contreras Balderas, director de la Escuela Secundaria General no 3 de C\u00f3rdoba, perpetrado al momento de ingresar a su domicilio ubicado en la calle 19, entre avenidas 1 y 3 de la colonia centro de C\u00f3rdoba.<\/p>\n\n\n\n<p>Ese mismo d\u00eda la Unidad Especializada en Combate al Secuestro (UECS) inici\u00f3 una carpeta de investigaci\u00f3n por el reporte de dos personas secuestradas cuando circulaban a bordo de una unidad Toyota Rap 4 color gris en el municipio de Fort\u00edn de las Flores.<\/p>\n\n\n\n<p>Derivado de ello y con base en diversas diligencias de la UECS y la Polic\u00eda Ministerial ubicaron un sitio en el bulevar de Fort\u00edn en donde presumiblemente se encontraban las personas secuestradas.<\/p>\n\n\n\n<p>Por ello, al lograr la orden de cateo en el lugar conocido como Mata Larga, el 27 de abril pasado entraron y encontraron a Angel Dario N y a V\u00edctor Manuel N, quienes hab\u00edan sido reportados como secuestrados el 24 de abril.<\/p>\n\n\n\n<p>En ese momento lograron la detenci\u00f3n de siete presuntos integrantes de una c\u00e9lula delictiva dedicada presumiblemente al secuestro, privaci\u00f3n ilegal de la libertad y homicidios.<\/p>\n\n\n\n<p>En dicho operativo aseguraron 7 armas largas, 3 armas cortas, municiones, cargadores, armas blancas y chalecos bal\u00edsticos, as\u00ed como tres veh\u00edculos y una motocicleta.<\/p>\n\n\n\n<p>&#8220;Leopoldo Alejandro N, Roberto N, David N, Martha Adriana N, Daniel N, Ciro Alexis N y Luciano N, fueron llevados ante el juez de Control obteniendo el 4 de mayo, la vinculaci\u00f3n a proceso como presuntos responsables del delito de secuestro agravado&#8221;, destac\u00f3.<\/p>\n\n\n\n<p>En el caso del crimen del directivo, abund\u00f3 que el d\u00eda de los hechos Roberto N y David N caminaban en los alrededores del domicilio de la v\u00edctima y al llegar en su camioneta el profesor Jos\u00e9 Alfredo Contreras y bajarse, le disparan por la espalda cuando entra a su domicilio.<\/p>\n\n\n\n<p>Posteriormente, huyen en una camioneta Ford Escape color gris con placas de circulaci\u00f3n B72HX, mismo veh\u00edculo que fue asegurado en el cateo del lugar donde liberados a las dos personas de secuestro.<\/p>\n\n\n\n<p>Agreg\u00f3 que otra coincidencia es que con base en el examen de bal\u00edstica comparativa realizado a tres casquillos con inscripci\u00f3n Winchester 45 auto y tres balas aseguradas en el lugar del asesinato del docente, se concluy\u00f3 que son coincidentes con una de las armas de fuego asegurada en el cateo de la UECS.<\/p>\n\n\n\n<p>Por ello, se solicit\u00f3 la orden de aprehensi\u00f3n por el delito de homicidio doloso en contra Roberto N y David N, misma que se cumpliment\u00f3 el 6 de mayo y posteriormente se hizo la imputaci\u00f3n correspondiente.<\/p>\n\n\n\n<p>De esa manera se les impuso la medida de prisi\u00f3n preventiva oficiosa por el t\u00e9rmino de un a\u00f1o.<\/p>\n\n\n\n<p>&#8220;Con estas acciones la Fiscal\u00eda General del Estado desarticula una banda de al menos 7 integrantes que operaba en los municipios de Fort\u00edn, Amatl\u00e1n, Orizaba y C\u00f3rdoba por mencionar algunos de los municipios de la zona centro del Estado&#8221;, destac\u00f3.<\/p>\n\n\n\n<p>Finalmente, asever\u00f3 que est\u00e1n haciendo an\u00e1lisis en materia de bal\u00edstica y otros indicios encontrados en el inmueble cateado para relacionar a la banda con otros hechos delictivos de la regi\u00f3n.<\/p>\n\n\n\n<figure class=\"wp-block-image size-large\"><img loading=\"lazy\" decoding=\"async\" width=\"1024\" height=\"682\" src=\"https:\/\/encuentroinformativo.com.mx\/wp-content\/uploads\/2023\/05\/IMG-20230509-WA00642-1024x682.jpg\" alt=\"\" class=\"wp-image-40420\" srcset=\"https:\/\/encuentroinformativo.com.mx\/wp-content\/uploads\/2023\/05\/IMG-20230509-WA00642-1024x682.jpg 1024w, https:\/\/encuentroinformativo.com.mx\/wp-content\/uploads\/2023\/05\/IMG-20230509-WA00642-300x200.jpg 300w, https:\/\/encuentroinformativo.com.mx\/wp-content\/uploads\/2023\/05\/IMG-20230509-WA00642-768x512.jpg 768w, https:\/\/encuentroinformativo.com.mx\/wp-content\/uploads\/2023\/05\/IMG-20230509-WA00642.jpg 1280w\" sizes=\"auto, (max-width: 1024px) 100vw, 1024px\" \/><\/figure>\n","protected":false},"excerpt":{"rendered":"<p>Dar\u00edo Pale Xalapa, Ver.- Banda de secuestradores implicada en asesinato de profesor de C\u00f3rdoba, autoridades dan pormenores del operativo llevado a cabo el 27 de abril en Fort\u00edn donde liberaron a dos v\u00edctimas de secuestro, hay varias coincidencias, videos, datos de pruebas que al menos implica a dos en el asesinato. En conferencia de prensa [&hellip;]<\/p>\n","protected":false},"author":2476,"featured_media":40419,"comment_status":"open","ping_status":"open","sticky":false,"template":"","format":"standard","meta":{"_jetpack_memberships_contains_paid_content":false,"footnotes":""},"categories":[2],"tags":[],"class_list":["post-40418","post","type-post","status-publish","format-standard","has-post-thumbnail","hentry","category-estado"],"jetpack_featured_media_url":"https:\/\/encuentroinformativo.com.mx\/wp-content\/uploads\/2023\/05\/IMG-20230509-WA00592.jpg","jetpack_sharing_enabled":true,"jetpack_likes_enabled":true,"amp_enabled":true,"_links":{"self":[{"href":"https:\/\/encuentroinformativo.com.mx\/index.php?rest_route=\/wp\/v2\/posts\/40418","targetHints":{"allow":["GET"]}}],"collection":[{"href":"https:\/\/encuentroinformativo.com.mx\/index.php?rest_route=\/wp\/v2\/posts"}],"about":[{"href":"https:\/\/encuentroinformativo.com.mx\/index.php?rest_route=\/wp\/v2\/types\/post"}],"author":[{"embeddable":true,"href":"https:\/\/encuentroinformativo.com.mx\/index.php?rest_route=\/wp\/v2\/users\/2476"}],"replies":[{"embeddable":true,"href":"https:\/\/encuentroinformativo.com.mx\/index.php?rest_route=%2Fwp%2Fv2%2Fcomments&post=40418"}],"version-history":[{"count":1,"href":"https:\/\/encuentroinformativo.com.mx\/index.php?rest_route=\/wp\/v2\/posts\/40418\/revisions"}],"predecessor-version":[{"id":40421,"href":"https:\/\/encuentroinformativo.com.mx\/index.php?rest_route=\/wp\/v2\/posts\/40418\/revisions\/40421"}],"wp:featuredmedia":[{"embeddable":true,"href":"https:\/\/encuentroinformativo.com.mx\/index.php?rest_route=\/wp\/v2\/media\/40419"}],"wp:attachment":[{"href":"https:\/\/encuentroinformativo.com.mx\/index.php?rest_route=%2Fwp%2Fv2%2Fmedia&parent=40418"}],"wp:term":[{"taxonomy":"category","embeddable":true,"href":"https:\/\/encuentroinformativo.com.mx\/index.php?rest_route=%2Fwp%2Fv2%2Fcategories&post=40418"},{"taxonomy":"post_tag","embeddable":true,"href":"https:\/\/encuentroinformativo.com.mx\/index.php?rest_route=%2Fwp%2Fv2%2Ftags&post=40418"}],"curies":[{"name":"wp","href":"https:\/\/api.w.org\/{rel}","templated":true}]}}