{"id":4042,"date":"2020-07-13T07:07:56","date_gmt":"2020-07-13T12:07:56","guid":{"rendered":"https:\/\/encuentroinformativo.com\/?p=4042"},"modified":"2020-07-13T01:43:28","modified_gmt":"2020-07-13T06:43:28","slug":"un-feminicidio-que-esta-por-cumplir-un-ano-de-impunidad","status":"publish","type":"post","link":"https:\/\/encuentroinformativo.com.mx\/?p=4042","title":{"rendered":"UN FEMINICIDIO QUE EST\u00c1 POR CUMPLIR UN A\u00d1O DE IMPUNIDAD"},"content":{"rendered":"\n<p><strong>+ Anuncia gober fondo para municipios por pandemia.<br>+ Xico, en el ojo del hurac\u00e1n por su procesi\u00f3n.<br>+ Colombianos, los asaltantes a joyer\u00eda en Xalapa.<br><br>Un poquito tarde, pero quer\u00eda aprovechar para felicitar a todos los abogados, abogadas, aboguedes&#8230;<br>&#8211;Chopenjawer<\/strong><\/p>\n\n\n\n<p>El 15 de agosto de 2019 sucedi\u00f3 una de las escenas m\u00e1s dantescas que se recuerden en la nota roja de Minatitl\u00e1n: una joven llamada Silvia Jazm\u00edn Alpuche Armend\u00e1riz, de 25 a\u00f1os, fue encontrada muerta en un basurero clandestino, ubicado en un predio conocido como Paquital, cerca de la autopista Minatitl\u00e1n-Villahermosa. La mitad de su cuerpo estaba calcinado.<\/p>\n\n\n\n<p>En ese entonces, Jorge Winckler Ortiz era titular de la Fiscal\u00eda General del Estado (quien, sin saberlo, se encontraba a pocos d\u00edas de que lo removieran del cargo, el 3 de septiembre de 2019) e inform\u00f3 que el cuerpo encontrado ten\u00eda dos impactos de bala en la cabeza y que adem\u00e1s le hab\u00edan prendido fuego.<\/p>\n\n\n\n<p>Winckler tuvo por lo menos m\u00e1s de 15 d\u00edas para resolver el atroz crimen (con elementos muy claros de qui\u00e9n ser\u00eda el presunto responsable) antes de que saliera de pelada y ande ahora a salto de mata escondi\u00e9ndose de la Cuarta Transformaci\u00f3n. \u00bfPor qu\u00e9 no agiliz\u00f3 las investigaciones, como s\u00ed lo hizo en otras ocasiones? Ya se sabr\u00e1.<\/p>\n\n\n\n<p>Del caso de Silvia Jazm\u00edn poco se ha sabido recientemente: s\u00f3lo que el presunto autor intelectual y material, fue un exnovio de nombre Aldo Ad\u00e1n Castel\u00e1n Garc\u00eda, quien habr\u00eda sido la \u00faltima persona que la contact\u00f3 cuando la joven decidi\u00f3 salir de su casa&nbsp;<a href=\"outlook-data-detector:\/\/2\">el d\u00eda 14 de agosto, por la tarde<\/a>, a arreglarse las u\u00f1as. El auto de la joven fue encontrado horas m\u00e1s tarde abandonado en Coatzacoalcos.<\/p>\n\n\n\n<p>Desde que ocurri\u00f3 el atroz crimen, Castel\u00e1n Garc\u00eda huy\u00f3 de Minatitl\u00e1n y hay muchos rumores sobre su paradero, e incluso se le relaciona con las altas esferas del sindicato petrolero o de las autoridades locales de Pemex, porque le habr\u00edan tramitado un supuesto permiso de 30 d\u00edas para ausentarse de su centro de trabajo en el Complejo Cosoleacaque, pese a estar se\u00f1alado como presunto homicida.<\/p>\n\n\n\n<p>El 15 de marzo de 2020, a 7 meses del asesinato, padres, familiares y amigos de Silvia Jazm\u00edn realizaron una marcha sobre la avenida Justo Sierra &#8211;la principal de la ciudad&#8211; de Minatitl\u00e1n. Fueron al menos 200 personas, en su mayor\u00eda mujeres.<\/p>\n\n\n\n<p>Los familiares entregaron un oficio escrito, dirigido a la entonces encargada de despacho de la Fiscal\u00eda General, Ver\u00f3nica Hern\u00e1ndez Giad\u00e1ns, para obtener informaci\u00f3n del caso.<\/p>\n\n\n\n<p>&#8220;Solicito una respuesta pronta sobre los avances de la orden de aprehensi\u00f3n del presunto responsable Albarr\u00e1n Garc\u00eda, por quien se ofrece una recompensa de hasta 250 mil pesos, de acuerdo a la carpeta de investigaci\u00f3n que se sigue por el asesinato de nuestra hija&#8221;, se\u00f1al\u00f3 Silvia Alpuche, madre la de v\u00edctima.<\/p>\n\n\n\n<p>&#8220;La orden de aprehensi\u00f3n no ha sido ejecutada y pr\u00e1cticamente ese es el objetivo principal que traemos: hacer justicia para nuestra hija que fue brutalmente asesinada&#8221;, dijo ante medios de comunicaci\u00f3n.<\/p>\n\n\n\n<p>Hace unos d\u00edas, en redes sociales, inici\u00f3 una campa\u00f1a para recordar el caso impune de Silvia Jazm\u00edn y pedir justicia por ella a casi un a\u00f1o de su asesinato. Ha comenzado a circular una imagen con hashtags donde incluso piden que el presidente ponga atenci\u00f3n en el tema: #AMLOTomaElCasoDeJazmin.<\/p>\n\n\n\n<p>La verdad es que la situaci\u00f3n es muy rara, porque el caso de Silvia Jazm\u00edn se parece a otro en Xalapa que supuestamente ya est\u00e1 resuelto, pero por alguna misteriosa raz\u00f3n no quieren concretar las \u00f3rdenes de aprehensi\u00f3n de los asesinos.<\/p>\n\n\n\n<p>Por lo pronto, a la fiscal Ver\u00f3nica Hern\u00e1ndez Giad\u00e1ns ya le enviaron dos sendas cartas p\u00fablicas para presionarla a resolver el caso de la rectora de la Universidad Valladolid, Mar\u00eda Guadalupe Mart\u00ednez Aguilar, otro crimen de alto impacto sin resolver&#8230; y eso que una mujer est\u00e1 en la Fiscal\u00eda.<\/p>\n\n\n\n<p><strong>NOTA PARA PEGAR EN EL REFRI: <\/strong>El gobernador Cuitl\u00e1huac Garc\u00eda Jim\u00e9nez anunci\u00f3 que los municipios del estado recibir\u00e1n un fondo adicional, desde la Federaci\u00f3n, para enfrentar la emergencia sanitaria y reactivar sus acciones en beneficio de la poblaci\u00f3n. Lo anterior ser\u00e1 dado a conocer a fondo\u00a0<a href=\"outlook-data-detector:\/\/4\">este lunes<\/a>, junto con nuevas medidas para la apertura de los comercios, de acuerdo con el modelo de semaforizaci\u00f3n, a fin de reforzar el mensaje que d\u00eda con d\u00eda emite la autoridad sanitaria federal y la Secretar\u00eda de Salud.<\/p>\n\n\n\n<p><strong>OTRA NOTA: <\/strong>Muy criticado fue el hecho de que permitieran en Xico la procesi\u00f3n religiosa con motivo de las fiestas patronales de Santa Mar\u00eda Magdalena, en plena pandemia. Dicen que en realidad la culpa no la tienen ni el cura, ni las autoridades, pero la verdad es que la misma presidenta municipal, Gloria Galv\u00e1n, ha dado el mal ejemplo cuando convocan a reuniones en colonias y congregaciones para promover pol\u00edticamente a su hija, a la que le quiere heredar el cargo. Dicen que lo mejor ser\u00eda que ya renunciara y le diera el cargo a su reto\u00f1o, para que se le quite el chincual de ser alcaldesa. La misma Iglesia tendr\u00eda que ser consciente de que no son tiempos para recibir feligreses ni procesiones, y bien podr\u00edan hacer un llamado a sus fieles para que se resguarden en casa.<\/p>\n\n\n\n<p><strong>LA \u00daLTIMA PORQUE SEMANA EXPECTANTE: <\/strong>\u00bfSe acuerda del asalto a la joyer\u00eda Dujal, en pleno centro de Xalapa y a unos metros del Palacio de Gobierno y de la Torre de Seguridad P\u00fablica? Pues este domingo el portal Versiones publica que son colombianos y ya les dictaron prisi\u00f3n preventiva por un a\u00f1o por el delito de robo agravado. Se trata de Jos\u00e9 Reinel &#8220;N&#8221; y Diego Andr\u00e9s &#8220;N&#8221;, que no tienen nada qu\u00e9 ver con los previamente detenidos y presentados como responsables V\u00edctor Ra\u00fal &#8220;N&#8221; y Magaly &#8220;N&#8221;, quienes fueron detenidos en la colonia Veracruz, de esta ciudad capital.<br><\/p>\n\n\n\n<p><strong>@pablojair<br><\/strong><\/p>\n","protected":false},"excerpt":{"rendered":"<p>+ Anuncia gober fondo para municipios por pandemia.+ Xico, en el ojo del hurac\u00e1n por su procesi\u00f3n.+ Colombianos, los asaltantes a joyer\u00eda en Xalapa. Un poquito tarde, pero quer\u00eda aprovechar para felicitar a todos los abogados, abogadas, aboguedes&#8230;&#8211;Chopenjawer El 15 de agosto de 2019 sucedi\u00f3 una de las escenas m\u00e1s dantescas que se recuerden en [&hellip;]<\/p>\n","protected":false},"author":1,"featured_media":488,"comment_status":"open","ping_status":"open","sticky":false,"template":"","format":"standard","meta":{"_jetpack_memberships_contains_paid_content":false,"footnotes":""},"categories":[11],"tags":[],"class_list":["post-4042","post","type-post","status-publish","format-standard","has-post-thumbnail","hentry","category-opinion"],"jetpack_featured_media_url":"https:\/\/encuentroinformativo.com.mx\/wp-content\/uploads\/2020\/03\/F471F608-BA1A-416B-BA7B-BCFB24F4E6D0.jpeg","jetpack_sharing_enabled":true,"jetpack_likes_enabled":true,"amp_enabled":true,"_links":{"self":[{"href":"https:\/\/encuentroinformativo.com.mx\/index.php?rest_route=\/wp\/v2\/posts\/4042","targetHints":{"allow":["GET"]}}],"collection":[{"href":"https:\/\/encuentroinformativo.com.mx\/index.php?rest_route=\/wp\/v2\/posts"}],"about":[{"href":"https:\/\/encuentroinformativo.com.mx\/index.php?rest_route=\/wp\/v2\/types\/post"}],"author":[{"embeddable":true,"href":"https:\/\/encuentroinformativo.com.mx\/index.php?rest_route=\/wp\/v2\/users\/1"}],"replies":[{"embeddable":true,"href":"https:\/\/encuentroinformativo.com.mx\/index.php?rest_route=%2Fwp%2Fv2%2Fcomments&post=4042"}],"version-history":[{"count":1,"href":"https:\/\/encuentroinformativo.com.mx\/index.php?rest_route=\/wp\/v2\/posts\/4042\/revisions"}],"predecessor-version":[{"id":4043,"href":"https:\/\/encuentroinformativo.com.mx\/index.php?rest_route=\/wp\/v2\/posts\/4042\/revisions\/4043"}],"wp:featuredmedia":[{"embeddable":true,"href":"https:\/\/encuentroinformativo.com.mx\/index.php?rest_route=\/wp\/v2\/media\/488"}],"wp:attachment":[{"href":"https:\/\/encuentroinformativo.com.mx\/index.php?rest_route=%2Fwp%2Fv2%2Fmedia&parent=4042"}],"wp:term":[{"taxonomy":"category","embeddable":true,"href":"https:\/\/encuentroinformativo.com.mx\/index.php?rest_route=%2Fwp%2Fv2%2Fcategories&post=4042"},{"taxonomy":"post_tag","embeddable":true,"href":"https:\/\/encuentroinformativo.com.mx\/index.php?rest_route=%2Fwp%2Fv2%2Ftags&post=4042"}],"curies":[{"name":"wp","href":"https:\/\/api.w.org\/{rel}","templated":true}]}}