{"id":40425,"date":"2023-05-09T15:06:52","date_gmt":"2023-05-09T21:06:52","guid":{"rendered":"https:\/\/encuentroinformativo.com.mx\/?p=40425"},"modified":"2023-05-09T15:06:55","modified_gmt":"2023-05-09T21:06:55","slug":"festejaran-aniversario-de-xalapa-2000","status":"publish","type":"post","link":"https:\/\/encuentroinformativo.com.mx\/?p=40425","title":{"rendered":"Festejar\u00e1n aniversario de Xalapa 2000"},"content":{"rendered":"\n<p><strong>Dar\u00edo Pale <\/strong><\/p>\n\n\n\n<p>Xalapa, Ver.- Festejar\u00e1n este 10 de mayo el 32 aniversario de Xalapa 2000 tambi\u00e9n celebrar\u00e1n a las mam\u00e1s con diferentes grupos musicales, as\u00ed lo dio a conocer Pedro Dom\u00ednguez, presidente del Comit\u00e9 de Participaci\u00f3n Ciudadana de Xalapa 2000.<\/p>\n\n\n\n<p>En conferencia de prensa se\u00f1al\u00f3 que, &#8220;es una de las colonias m\u00e1s significativas y m\u00e1s importantes que tiene la capital veracruzana&#8221;.<\/p>\n\n\n\n<p>En ese sentido, coment\u00f3 que en Xalapa 2000 viven 10 mil 136 familias, &#8220;es la colonia m\u00e1s numerosa. Ah\u00ed hemos transformado. Ma\u00f1ana vamos a festejar a mam\u00e1, pero coincide con el 32 aniversario&#8221;.<\/p>\n\n\n\n<p>De manera que se\u00f1al\u00f3 que el festejo ser\u00e1 amenizado por el grupo musical Zenzontle, al dueto Grey, el dueto Alondra y a la Orquesta de Salsa de la Universidad Veracruzana, el evento comenzar\u00e1 a las 7 de la noche y hasta las 11 de la noche, el 10 y 11 de mayo.<\/p>\n\n\n\n<p>&#8220;En Xalapa 2000 se han construido 18 mil metros de barandales, 8 muros de contenci\u00f3n, tres muros taludes, se ha resuelto la situaci\u00f3n de 14 socavones, se han hecho 402 acciones en favor de la comunidad&#8221;.<\/p>\n\n\n\n<p>Finalmente, invit\u00f3 a toda la poblaci\u00f3n a acudir a los festejos y agradeci\u00f3 el apoyo de las diferentes \u00e1reas del Ayuntamiento de Xalapa.<\/p>\n","protected":false},"excerpt":{"rendered":"<p>Dar\u00edo Pale Xalapa, Ver.- Festejar\u00e1n este 10 de mayo el 32 aniversario de Xalapa 2000 tambi\u00e9n celebrar\u00e1n a las mam\u00e1s con diferentes grupos musicales, as\u00ed lo dio a conocer Pedro Dom\u00ednguez, presidente del Comit\u00e9 de Participaci\u00f3n Ciudadana de Xalapa 2000. En conferencia de prensa se\u00f1al\u00f3 que, &#8220;es una de las colonias m\u00e1s significativas y m\u00e1s [&hellip;]<\/p>\n","protected":false},"author":2476,"featured_media":40426,"comment_status":"open","ping_status":"open","sticky":false,"template":"","format":"standard","meta":{"_jetpack_memberships_contains_paid_content":false,"footnotes":""},"categories":[3],"tags":[],"class_list":["post-40425","post","type-post","status-publish","format-standard","has-post-thumbnail","hentry","category-xalapa"],"jetpack_featured_media_url":"https:\/\/encuentroinformativo.com.mx\/wp-content\/uploads\/2023\/05\/IMG-20230509-WA0088.jpg","jetpack_sharing_enabled":true,"jetpack_likes_enabled":true,"amp_enabled":true,"_links":{"self":[{"href":"https:\/\/encuentroinformativo.com.mx\/index.php?rest_route=\/wp\/v2\/posts\/40425","targetHints":{"allow":["GET"]}}],"collection":[{"href":"https:\/\/encuentroinformativo.com.mx\/index.php?rest_route=\/wp\/v2\/posts"}],"about":[{"href":"https:\/\/encuentroinformativo.com.mx\/index.php?rest_route=\/wp\/v2\/types\/post"}],"author":[{"embeddable":true,"href":"https:\/\/encuentroinformativo.com.mx\/index.php?rest_route=\/wp\/v2\/users\/2476"}],"replies":[{"embeddable":true,"href":"https:\/\/encuentroinformativo.com.mx\/index.php?rest_route=%2Fwp%2Fv2%2Fcomments&post=40425"}],"version-history":[{"count":1,"href":"https:\/\/encuentroinformativo.com.mx\/index.php?rest_route=\/wp\/v2\/posts\/40425\/revisions"}],"predecessor-version":[{"id":40427,"href":"https:\/\/encuentroinformativo.com.mx\/index.php?rest_route=\/wp\/v2\/posts\/40425\/revisions\/40427"}],"wp:featuredmedia":[{"embeddable":true,"href":"https:\/\/encuentroinformativo.com.mx\/index.php?rest_route=\/wp\/v2\/media\/40426"}],"wp:attachment":[{"href":"https:\/\/encuentroinformativo.com.mx\/index.php?rest_route=%2Fwp%2Fv2%2Fmedia&parent=40425"}],"wp:term":[{"taxonomy":"category","embeddable":true,"href":"https:\/\/encuentroinformativo.com.mx\/index.php?rest_route=%2Fwp%2Fv2%2Fcategories&post=40425"},{"taxonomy":"post_tag","embeddable":true,"href":"https:\/\/encuentroinformativo.com.mx\/index.php?rest_route=%2Fwp%2Fv2%2Ftags&post=40425"}],"curies":[{"name":"wp","href":"https:\/\/api.w.org\/{rel}","templated":true}]}}