{"id":40428,"date":"2023-05-09T15:17:41","date_gmt":"2023-05-09T21:17:41","guid":{"rendered":"https:\/\/encuentroinformativo.com.mx\/?p=40428"},"modified":"2023-05-09T15:17:45","modified_gmt":"2023-05-09T21:17:45","slug":"acusa-gobernador-a-scjn-de-actuar-por-conveniencia","status":"publish","type":"post","link":"https:\/\/encuentroinformativo.com.mx\/?p=40428","title":{"rendered":"Acusa Gobernador a SCJN de actuar &#8220;por conveniencia&#8221;"},"content":{"rendered":"\n<p><strong>Juan Arcos <\/strong><\/p>\n\n\n\n<p>Xalapa, Ver.- El gobernador de Veracruz, Cuitl\u00e1huac Garc\u00eda Jim\u00e9nez, consider\u00f3 que los ministros de la Suprema Corte de Justicia de la Naci\u00f3n (SCJN) actuaron por \u201cconveniencia e intereses\u201d al invalidar el \u201cPlan B\u201d de la reforma electoral que impuls\u00f3 el presidente Andr\u00e9s Manuel L\u00f3pez Obrador.<\/p>\n\n\n\n<p>El mandatario estatal opin\u00f3 que los nueve integrantes de la SCJN se erigen en legisladores de facto y no aplican la ley que existe, sino la que les gustar\u00eda que existiera y, peor a\u00fan, aplican una ley a conveniencia de intereses, que no son los del pueblo al que te\u00f3ricamente sirven.<\/p>\n\n\n\n<p>\u201cAyer se confirm\u00f3 la parcialidad del poder judicial y coincido con el posicionamiento, que el Congreso del Estado de Veracruz, el de Oaxaca y Campeche, as\u00ed como el posicionamiento de diputados y diputadas de bancadas completas, como el de Puebla, donde afirman que con la determinaci\u00f3n de ayer de la Suprema Corte de Justicia de la Naci\u00f3n se ratific\u00f3 que la mayor\u00eda de ministras y ministros renunci\u00f3 a su mandato leg\u00edtimo y constitucional, traicionando su juramento\u201d, expres\u00f3 en conferencia de prensa, desde Palacio de Gobierno.<\/p>\n\n\n\n<p>Por tal motivo, el mandatario morenista anunci\u00f3 que desde el Congreso del Estado de Veracruz se convoca a la \u201cConcentraci\u00f3n por la Defensa de la Soberan\u00eda del Pueblo y Contra la Corrupci\u00f3n que Invade a la SCJN\u201d, frente a la sede de la Suprema Corte de Justicia de la Naci\u00f3n, el s\u00e1bado 20 de mayo a las 12:00 horas.<\/p>\n\n\n\n<p>\u201cYa se les olvid\u00f3 que aprobaron reformas en el gobierno neoliberal, hicieron famoso el Fast Track. Deber\u00e1n ser inv\u00e1lidas todas esas reformas de la historia aprobadas por dispensa de lectura, olvidan que la ley org\u00e1nica del congreso general de los Estados Unidos mexicanos y su reglamentaci\u00f3n permiten precisamente la dispensa, obviamente el fondo es otro, invaden competencias del poder legislativo porque el grupo conservador no pudo en las urnas detener la cuarta transformaci\u00f3n del pa\u00eds\u201d, a\u00f1adi\u00f3.<\/p>\n\n\n\n<p>En el pronunciamiento de las diputadas y diputados locales que difundieron el lunes 8 de mayo, consideraron que las ministras y ministros votaron en contra de un paquete de leyes porque se aprobaron con dispensa de lectura y ello, a su parecer, demerita &#8220;la deliberaci\u00f3n democr\u00e1tica&#8221;.<\/p>\n\n\n\n<p>&#8220;Un argumento que ellas y ellos saben que es d\u00e9bil y absurdo. \u00bfDeber\u00e1n ser inv\u00e1lidas todas las reformas de la historia aprobadas con dispensa de lectura? Recordemos que la Ley Org\u00e1nica del Congreso General de los Estados Unidos Mexicanos y su Reglamento- permiten esa dispensa\u201d, se lee.<\/p>\n\n\n\n<p>Los legisladores de Veracruz acusaron a los ministros de invadir competencias del Poder Legislativo \u201cpara abrazar la tiran\u00eda de la maroma legaloide\u201d, renunciando a su imparcialidad.<\/p>\n","protected":false},"excerpt":{"rendered":"<p>Juan Arcos Xalapa, Ver.- El gobernador de Veracruz, Cuitl\u00e1huac Garc\u00eda Jim\u00e9nez, consider\u00f3 que los ministros de la Suprema Corte de Justicia de la Naci\u00f3n (SCJN) actuaron por \u201cconveniencia e intereses\u201d al invalidar el \u201cPlan B\u201d de la reforma electoral que impuls\u00f3 el presidente Andr\u00e9s Manuel L\u00f3pez Obrador. El mandatario estatal opin\u00f3 que los nueve integrantes [&hellip;]<\/p>\n","protected":false},"author":2476,"featured_media":40429,"comment_status":"open","ping_status":"open","sticky":false,"template":"","format":"standard","meta":{"_jetpack_memberships_contains_paid_content":false,"footnotes":""},"categories":[2],"tags":[],"class_list":["post-40428","post","type-post","status-publish","format-standard","has-post-thumbnail","hentry","category-estado"],"jetpack_featured_media_url":"https:\/\/encuentroinformativo.com.mx\/wp-content\/uploads\/2023\/05\/IMG-20230509-WA0082.jpg","jetpack_sharing_enabled":true,"jetpack_likes_enabled":true,"amp_enabled":true,"_links":{"self":[{"href":"https:\/\/encuentroinformativo.com.mx\/index.php?rest_route=\/wp\/v2\/posts\/40428","targetHints":{"allow":["GET"]}}],"collection":[{"href":"https:\/\/encuentroinformativo.com.mx\/index.php?rest_route=\/wp\/v2\/posts"}],"about":[{"href":"https:\/\/encuentroinformativo.com.mx\/index.php?rest_route=\/wp\/v2\/types\/post"}],"author":[{"embeddable":true,"href":"https:\/\/encuentroinformativo.com.mx\/index.php?rest_route=\/wp\/v2\/users\/2476"}],"replies":[{"embeddable":true,"href":"https:\/\/encuentroinformativo.com.mx\/index.php?rest_route=%2Fwp%2Fv2%2Fcomments&post=40428"}],"version-history":[{"count":1,"href":"https:\/\/encuentroinformativo.com.mx\/index.php?rest_route=\/wp\/v2\/posts\/40428\/revisions"}],"predecessor-version":[{"id":40430,"href":"https:\/\/encuentroinformativo.com.mx\/index.php?rest_route=\/wp\/v2\/posts\/40428\/revisions\/40430"}],"wp:featuredmedia":[{"embeddable":true,"href":"https:\/\/encuentroinformativo.com.mx\/index.php?rest_route=\/wp\/v2\/media\/40429"}],"wp:attachment":[{"href":"https:\/\/encuentroinformativo.com.mx\/index.php?rest_route=%2Fwp%2Fv2%2Fmedia&parent=40428"}],"wp:term":[{"taxonomy":"category","embeddable":true,"href":"https:\/\/encuentroinformativo.com.mx\/index.php?rest_route=%2Fwp%2Fv2%2Fcategories&post=40428"},{"taxonomy":"post_tag","embeddable":true,"href":"https:\/\/encuentroinformativo.com.mx\/index.php?rest_route=%2Fwp%2Fv2%2Ftags&post=40428"}],"curies":[{"name":"wp","href":"https:\/\/api.w.org\/{rel}","templated":true}]}}