{"id":40431,"date":"2023-05-09T15:25:56","date_gmt":"2023-05-09T21:25:56","guid":{"rendered":"https:\/\/encuentroinformativo.com.mx\/?p=40431"},"modified":"2023-05-09T15:26:00","modified_gmt":"2023-05-09T21:26:00","slug":"cita-proteccion-civil-de-alvarado-a-empresa-por-quema-ilegal-de-llanta-y-basura","status":"publish","type":"post","link":"https:\/\/encuentroinformativo.com.mx\/?p=40431","title":{"rendered":"Cita Protecci\u00f3n Civil de Alvarado a empresa por quema ilegal de llanta y basura"},"content":{"rendered":"\n<p><strong>Alejandro \u00c1vila<\/strong><\/p>\n\n\n\n<p>Alvarado, Ver.- Ciudadanos de la cabecera municipal de Alvarado alertaron a los cuerpos de emergencia tras un incendio en la zona de astilleros.<\/p>\n\n\n\n<p>La densa fumarola sorprendi\u00f3 a los alvarade\u00f1os y fueron estos quienes alertaron a los elementos de Protecci\u00f3n Civil, los cuales fueron r\u00e1pidamente a revisar la situaci\u00f3n.<\/p>\n\n\n\n<p>Al llegar al sitio, los elementos de Protecci\u00f3n Civil y Bomberos dieron cuenta que se trataba de quema de llantas y basura de forma ilegal en la empresa Chet Morrison Contractors.<\/p>\n\n\n\n<p>La direcci\u00f3n de Protecci\u00f3n Civil de Alvarado inform\u00f3 que la empresa deber\u00eda tener la separaci\u00f3n del material combustible en una fuente de inducci\u00f3n y su unidad interna deber\u00eda poder atender dicho conato de incendio o el siniestro mismo; sin embargo, en esta ocasi\u00f3n tuvieron que llegar las corporaciones externas para auxiliarlos.<\/p>\n\n\n\n<p>&#8220;Derivado de que no tienen bien separado el material combustible, s\u00ed se les va a dejar una apercibimiento para que acudan a las oficinas y presenten su programa interno y saber si lo est\u00e1n llevando a cabo&#8221;, se\u00f1al\u00f3 el director de Protecci\u00f3n Civil de Alvarado, Daniel Romero.<\/p>\n\n\n\n<p>El funcionario municipal dijo que tras revisar la situaci\u00f3n en la que se encuentra la empresa Chet Morrison Contractors, y la forma en que maneja sus desechos, esta podr\u00eda ser multada con una fuerte cantidad de dinero.<\/p>\n","protected":false},"excerpt":{"rendered":"<p>Alejandro \u00c1vila Alvarado, Ver.- Ciudadanos de la cabecera municipal de Alvarado alertaron a los cuerpos de emergencia tras un incendio en la zona de astilleros. La densa fumarola sorprendi\u00f3 a los alvarade\u00f1os y fueron estos quienes alertaron a los elementos de Protecci\u00f3n Civil, los cuales fueron r\u00e1pidamente a revisar la situaci\u00f3n. Al llegar al sitio, [&hellip;]<\/p>\n","protected":false},"author":2476,"featured_media":40432,"comment_status":"open","ping_status":"open","sticky":false,"template":"","format":"standard","meta":{"_jetpack_memberships_contains_paid_content":false,"footnotes":""},"categories":[2],"tags":[],"class_list":["post-40431","post","type-post","status-publish","format-standard","has-post-thumbnail","hentry","category-estado"],"jetpack_featured_media_url":"https:\/\/encuentroinformativo.com.mx\/wp-content\/uploads\/2023\/05\/IMG-20230509-WA00932.jpg","jetpack_sharing_enabled":true,"jetpack_likes_enabled":true,"amp_enabled":true,"_links":{"self":[{"href":"https:\/\/encuentroinformativo.com.mx\/index.php?rest_route=\/wp\/v2\/posts\/40431","targetHints":{"allow":["GET"]}}],"collection":[{"href":"https:\/\/encuentroinformativo.com.mx\/index.php?rest_route=\/wp\/v2\/posts"}],"about":[{"href":"https:\/\/encuentroinformativo.com.mx\/index.php?rest_route=\/wp\/v2\/types\/post"}],"author":[{"embeddable":true,"href":"https:\/\/encuentroinformativo.com.mx\/index.php?rest_route=\/wp\/v2\/users\/2476"}],"replies":[{"embeddable":true,"href":"https:\/\/encuentroinformativo.com.mx\/index.php?rest_route=%2Fwp%2Fv2%2Fcomments&post=40431"}],"version-history":[{"count":1,"href":"https:\/\/encuentroinformativo.com.mx\/index.php?rest_route=\/wp\/v2\/posts\/40431\/revisions"}],"predecessor-version":[{"id":40433,"href":"https:\/\/encuentroinformativo.com.mx\/index.php?rest_route=\/wp\/v2\/posts\/40431\/revisions\/40433"}],"wp:featuredmedia":[{"embeddable":true,"href":"https:\/\/encuentroinformativo.com.mx\/index.php?rest_route=\/wp\/v2\/media\/40432"}],"wp:attachment":[{"href":"https:\/\/encuentroinformativo.com.mx\/index.php?rest_route=%2Fwp%2Fv2%2Fmedia&parent=40431"}],"wp:term":[{"taxonomy":"category","embeddable":true,"href":"https:\/\/encuentroinformativo.com.mx\/index.php?rest_route=%2Fwp%2Fv2%2Fcategories&post=40431"},{"taxonomy":"post_tag","embeddable":true,"href":"https:\/\/encuentroinformativo.com.mx\/index.php?rest_route=%2Fwp%2Fv2%2Ftags&post=40431"}],"curies":[{"name":"wp","href":"https:\/\/api.w.org\/{rel}","templated":true}]}}