{"id":4044,"date":"2020-07-13T09:01:33","date_gmt":"2020-07-13T14:01:33","guid":{"rendered":"https:\/\/encuentroinformativo.com\/?p=4044"},"modified":"2020-07-13T09:01:36","modified_gmt":"2020-07-13T14:01:36","slug":"en-xico-los-quieren-en-la-gloria","status":"publish","type":"post","link":"https:\/\/encuentroinformativo.com.mx\/?p=4044","title":{"rendered":"En Xico \u00bflos quieren en la Gloria?"},"content":{"rendered":"\n<p><strong>N\u00fameros Rojos<\/strong><\/p>\n\n\n\n<p><strong>Brenda Caballero<\/strong><br><\/p>\n\n\n\n<p>Do\u00f1a Gloria se siente inmune, poderosa, casi casi una s\u00faper hero\u00edna. Da tristeza ver c\u00f3mo la alcaldesa de Xico, Gloria Galv\u00e1n Ordu\u00f1a, no fomenta acciones en favor de sus gobernados para evitar contagios por la Covid-19. Le valen cacahuate las recomendaciones del Doctor Gatell y su #Qu\u00e9dateEnCasa.<\/p>\n\n\n\n<p>Ya lo hab\u00eda hecho, incluso fue noticia nacional a trav\u00e9s del diario Reforma donde el pasado 17 de mayo celebr\u00f3 a las madres de su pueblo con un evento donde reuni\u00f3 a m\u00e1s de 100 personas.<\/p>\n\n\n\n<p>No hab\u00eda sana distancia,&nbsp; gel y mucho menos cubrebocas. Ah, pero eso s\u00ed, estaba su hija Carolina Galv\u00e1n, actual Presidenta del DIF, desde donde ya trabaja para ser la pr\u00f3xima candidata a alcaldesa y sustituir a su madre. Por eso no importa si hay contingencia o no, el chiste es ya andar en campa\u00f1a.<\/p>\n\n\n\n<p>El pasado s\u00e1bado empezaron a circular fotos en redes sociales donde se ve\u00eda a algunos pobladores salir a las calles con sus danzas sin guardar la sana distancia, todo ello a pesar de que la alcaldesa hab\u00eda manifestado que las actividades de las festividades de Santa Mar\u00eda Magdalena se cancelar\u00edan. \u00bfQu\u00e9 pas\u00f3 entonces?&nbsp;<\/p>\n\n\n\n<p>Si bien no puede reprimirse a la poblaci\u00f3n, deben tomarse acciones para impedir aglomeraciones que generen en la poblaci\u00f3n s\u00edntomas de haber contra\u00eddo el virus de SARS-Cov-2, quince d\u00edas despu\u00e9s.&nbsp;<\/p>\n\n\n\n<p>De acuerdo a los datos oficiales de la Secretar\u00eda de Salud en Veracruz consultados al d\u00eda de hoy, en Xico se ten\u00edan 5 casos sospechosos, 23 casos confirmados y 3 defunciones. \u00bfAcaso los pobladores quieren sentirse en la Gloria? \u00a1Porque si se complican, ni el Verde los salva!<br><\/p>\n\n\n\n<figure class=\"wp-block-image\"><img decoding=\"async\" src=\"https:\/\/mail.google.com\/mail\/?ui=2&amp;ik=9b76b3151a&amp;attid=0.1&amp;th=173485b9aaa53a25&amp;view=fimg&amp;rm=173485b9aaa53a25&amp;sz=w1600-h1000&amp;attbid=ANGjdJ8q-4aiO3W0yfPiCOMEhgCsK7nWQxx7ZFJEz7DiXzMyyKmA52hDSDh4QA4Aki6JN7F9i31ZwhbaOKvpG0IlVQWiwil1xHQ3J-4kKwWsCq_5F1lwWsA2walbjv4&amp;disp=emb&amp;realattid=173458381e5321c0edb2&amp;zw\" alt=\"\"\/><\/figure>\n\n\n\n<p><strong>Playas sin medidas<\/strong><\/p>\n\n\n\n<p>Pero si las fiestas religiosas aglomeran personas en Xico, las playas abiertas tambi\u00e9n. En Veracruz y Boca del R\u00edo no hubo sana distancia, faltaron los cubrebocas y dicen que algunos vendedores tra\u00edan gel pero que se les acab\u00f3. Entiendo que la econom\u00eda se debe reactivar, pero no a costa de la vida de otros.<\/p>\n\n\n\n<p>Si bien los alcaldes de Boca del R\u00edo, Humberto Alonso Morelli, y de Veracruz, Fernando Yunes M\u00e1rquez, han autorizado la apertura de playas, es importante que recuerden que no son vacaciones, y que deben seguir con las medidas de contingencia, m\u00e1s cuando ambos municipios han sido afectados severamente por la pandemia.<\/p>\n\n\n\n<p>Creo que falta m\u00e1s capacitaci\u00f3n a la poblaci\u00f3n sobre la nueva normalidad, porque se sigue pensando que ya podemos regresar a nuestra forma de vida antigua, y realmente no es as\u00ed.<\/p>\n\n\n\n<p>Veo fotos de habitantes de Xico haciendo fiesta, ba\u00f1istas en las Playas de Veracruz y Boca del R\u00edo, y una pregunta viene a mi mente. \u00bfQu\u00e9 pensar\u00e1n doctores, enfermeras, camilleros y dem\u00e1s personal de salud que sigue al frente de la batalla contra el Covid-19? \u00bfY las familias de \u00e9stos?<\/p>\n\n\n\n<p>\u201cQu\u00edtese eso!\u201d, refiri\u00e9ndose a mi cubrebocas.&nbsp; \u201c\u00bfA poco cree en eso? \u00a1Cu\u00e1ndo nos toca, nos toca!\u201d<\/p>\n\n\n\n<p>Eso me dijo a mediados de mayo. Ayer me enter\u00e9 que est\u00e1 con ox\u00edgeno en su casa y su esposa le hace nebulizaciones. \u201cSe contagi\u00f3 y me contagi\u00f3\u201d, me dice ella, \u201cPero mis s\u00edntomas fueron leves\u201d. Deseo que pronto se recupere y platique su testimonio a personas que no creen en el Covid-19.<br><\/p>\n\n\n\n<p>@NumerosRojos_BC<\/p>\n\n\n\n<p><a href=\"mailto:caballero_brenda@hotmail.com\" target=\"_blank\" rel=\"noreferrer noopener\">caballero_brenda@hotmail.com<\/a><\/p>\n","protected":false},"excerpt":{"rendered":"<p>N\u00fameros Rojos Brenda Caballero Do\u00f1a Gloria se siente inmune, poderosa, casi casi una s\u00faper hero\u00edna. Da tristeza ver c\u00f3mo la alcaldesa de Xico, Gloria Galv\u00e1n Ordu\u00f1a, no fomenta acciones en favor de sus gobernados para evitar contagios por la Covid-19. Le valen cacahuate las recomendaciones del Doctor Gatell y su #Qu\u00e9dateEnCasa. Ya lo hab\u00eda hecho, [&hellip;]<\/p>\n","protected":false},"author":1,"featured_media":387,"comment_status":"open","ping_status":"open","sticky":false,"template":"","format":"standard","meta":{"_jetpack_memberships_contains_paid_content":false,"footnotes":""},"categories":[11],"tags":[],"class_list":["post-4044","post","type-post","status-publish","format-standard","has-post-thumbnail","hentry","category-opinion"],"jetpack_featured_media_url":"https:\/\/encuentroinformativo.com.mx\/wp-content\/uploads\/2020\/03\/7CF8A22B-2764-47BE-8F7F-38FE9E5D6A2F.jpeg","jetpack_sharing_enabled":true,"jetpack_likes_enabled":true,"amp_enabled":true,"_links":{"self":[{"href":"https:\/\/encuentroinformativo.com.mx\/index.php?rest_route=\/wp\/v2\/posts\/4044","targetHints":{"allow":["GET"]}}],"collection":[{"href":"https:\/\/encuentroinformativo.com.mx\/index.php?rest_route=\/wp\/v2\/posts"}],"about":[{"href":"https:\/\/encuentroinformativo.com.mx\/index.php?rest_route=\/wp\/v2\/types\/post"}],"author":[{"embeddable":true,"href":"https:\/\/encuentroinformativo.com.mx\/index.php?rest_route=\/wp\/v2\/users\/1"}],"replies":[{"embeddable":true,"href":"https:\/\/encuentroinformativo.com.mx\/index.php?rest_route=%2Fwp%2Fv2%2Fcomments&post=4044"}],"version-history":[{"count":1,"href":"https:\/\/encuentroinformativo.com.mx\/index.php?rest_route=\/wp\/v2\/posts\/4044\/revisions"}],"predecessor-version":[{"id":4045,"href":"https:\/\/encuentroinformativo.com.mx\/index.php?rest_route=\/wp\/v2\/posts\/4044\/revisions\/4045"}],"wp:featuredmedia":[{"embeddable":true,"href":"https:\/\/encuentroinformativo.com.mx\/index.php?rest_route=\/wp\/v2\/media\/387"}],"wp:attachment":[{"href":"https:\/\/encuentroinformativo.com.mx\/index.php?rest_route=%2Fwp%2Fv2%2Fmedia&parent=4044"}],"wp:term":[{"taxonomy":"category","embeddable":true,"href":"https:\/\/encuentroinformativo.com.mx\/index.php?rest_route=%2Fwp%2Fv2%2Fcategories&post=4044"},{"taxonomy":"post_tag","embeddable":true,"href":"https:\/\/encuentroinformativo.com.mx\/index.php?rest_route=%2Fwp%2Fv2%2Ftags&post=4044"}],"curies":[{"name":"wp","href":"https:\/\/api.w.org\/{rel}","templated":true}]}}