{"id":40452,"date":"2023-05-10T11:38:53","date_gmt":"2023-05-10T17:38:53","guid":{"rendered":"https:\/\/encuentroinformativo.com.mx\/?p=40452"},"modified":"2023-05-10T11:40:06","modified_gmt":"2023-05-10T17:40:06","slug":"por-10-de-mayo-marchan-madres-de-colectivos-en-xalapa","status":"publish","type":"post","link":"https:\/\/encuentroinformativo.com.mx\/?p=40452","title":{"rendered":"Por 10 de Mayo, marchan madres de colectivos en Xalapa"},"content":{"rendered":"\n<p><strong>Juan Arcos <\/strong><\/p>\n\n\n\n<p>Xalapa, Ver.- Mam\u00e1s de desaparecidos conmemoraron su d\u00eda con una marcha en la ciudad de Xalapa para exigir a las autoridades que agilicen las investigaciones y localicen a sus seres queridos.<\/p>\n\n\n\n<p>Se trata de integrantes de diversos colectivos de b\u00fasqueda, quienes se concentraron en las inmediaciones del pante\u00f3n Palo Verde y posteriormente caminaron hacia Palacio de Gobierno.<\/p>\n\n\n\n<p>\u201cPorque vivos se los llevaron, vivos los queremos\u201d y \u201cd\u00f3nde est\u00e1n, nuestros hijos, d\u00f3nde est\u00e1n\u201d, fueron algunas de las consigas que lanzaron durante esta manifestaci\u00f3n en el D\u00eda de las Madres.<\/p>\n\n\n\n<p>De acuerdo con Fabiola Pensado Barrera, del colectivo Buscando a Nuestros Desaparecidos y Desaparecidas Veracruz, este 10 de mayo algunas mam\u00e1s pasan su d\u00eda cavando fosas, para buscar a sus hijos.<\/p>\n\n\n\n<p>Ella busca a su hijo Argenis Yosimar Pensado Barrera, quien est\u00e1 desaparecido desde el 16 de marzo de 2014, en Xalapa.<\/p>\n\n\n\n<p>La entrevistada indic\u00f3 que hay familias que est\u00e1n buscando a sus seres queridos en fosas clandestinas que fueron detectadas en otras entidades.<\/p>\n\n\n\n<p>\u201cUna mam\u00e1 est\u00e1 en Guadalajara por la desaparici\u00f3n de Manuel Amante Torres, que es de ac\u00e1 pero desapareci\u00f3 all\u00e1, su madre tiene que desplazarse all\u00e1 para la b\u00fasqueda\u201d, expres\u00f3.<\/p>\n\n\n\n<figure class=\"wp-block-image size-large\"><img loading=\"lazy\" decoding=\"async\" width=\"1024\" height=\"768\" src=\"https:\/\/encuentroinformativo.com.mx\/wp-content\/uploads\/2023\/05\/IMG_2281-1024x768.jpg\" alt=\"\" class=\"wp-image-40455\" srcset=\"https:\/\/encuentroinformativo.com.mx\/wp-content\/uploads\/2023\/05\/IMG_2281-1024x768.jpg 1024w, https:\/\/encuentroinformativo.com.mx\/wp-content\/uploads\/2023\/05\/IMG_2281-300x225.jpg 300w, https:\/\/encuentroinformativo.com.mx\/wp-content\/uploads\/2023\/05\/IMG_2281-768x576.jpg 768w, https:\/\/encuentroinformativo.com.mx\/wp-content\/uploads\/2023\/05\/IMG_2281-1536x1152.jpg 1536w, https:\/\/encuentroinformativo.com.mx\/wp-content\/uploads\/2023\/05\/IMG_2281.jpg 2016w\" sizes=\"auto, (max-width: 1024px) 100vw, 1024px\" \/><\/figure>\n","protected":false},"excerpt":{"rendered":"<p>Juan Arcos Xalapa, Ver.- Mam\u00e1s de desaparecidos conmemoraron su d\u00eda con una marcha en la ciudad de Xalapa para exigir a las autoridades que agilicen las investigaciones y localicen a sus seres queridos. Se trata de integrantes de diversos colectivos de b\u00fasqueda, quienes se concentraron en las inmediaciones del pante\u00f3n Palo Verde y posteriormente caminaron [&hellip;]<\/p>\n","protected":false},"author":2476,"featured_media":40453,"comment_status":"open","ping_status":"open","sticky":false,"template":"","format":"standard","meta":{"_jetpack_memberships_contains_paid_content":false,"footnotes":""},"categories":[3],"tags":[],"class_list":["post-40452","post","type-post","status-publish","format-standard","has-post-thumbnail","hentry","category-xalapa"],"jetpack_featured_media_url":"https:\/\/encuentroinformativo.com.mx\/wp-content\/uploads\/2023\/05\/IMG_2276.jpg","jetpack_sharing_enabled":true,"jetpack_likes_enabled":true,"amp_enabled":true,"_links":{"self":[{"href":"https:\/\/encuentroinformativo.com.mx\/index.php?rest_route=\/wp\/v2\/posts\/40452","targetHints":{"allow":["GET"]}}],"collection":[{"href":"https:\/\/encuentroinformativo.com.mx\/index.php?rest_route=\/wp\/v2\/posts"}],"about":[{"href":"https:\/\/encuentroinformativo.com.mx\/index.php?rest_route=\/wp\/v2\/types\/post"}],"author":[{"embeddable":true,"href":"https:\/\/encuentroinformativo.com.mx\/index.php?rest_route=\/wp\/v2\/users\/2476"}],"replies":[{"embeddable":true,"href":"https:\/\/encuentroinformativo.com.mx\/index.php?rest_route=%2Fwp%2Fv2%2Fcomments&post=40452"}],"version-history":[{"count":2,"href":"https:\/\/encuentroinformativo.com.mx\/index.php?rest_route=\/wp\/v2\/posts\/40452\/revisions"}],"predecessor-version":[{"id":40456,"href":"https:\/\/encuentroinformativo.com.mx\/index.php?rest_route=\/wp\/v2\/posts\/40452\/revisions\/40456"}],"wp:featuredmedia":[{"embeddable":true,"href":"https:\/\/encuentroinformativo.com.mx\/index.php?rest_route=\/wp\/v2\/media\/40453"}],"wp:attachment":[{"href":"https:\/\/encuentroinformativo.com.mx\/index.php?rest_route=%2Fwp%2Fv2%2Fmedia&parent=40452"}],"wp:term":[{"taxonomy":"category","embeddable":true,"href":"https:\/\/encuentroinformativo.com.mx\/index.php?rest_route=%2Fwp%2Fv2%2Fcategories&post=40452"},{"taxonomy":"post_tag","embeddable":true,"href":"https:\/\/encuentroinformativo.com.mx\/index.php?rest_route=%2Fwp%2Fv2%2Ftags&post=40452"}],"curies":[{"name":"wp","href":"https:\/\/api.w.org\/{rel}","templated":true}]}}