{"id":4046,"date":"2020-07-13T09:07:07","date_gmt":"2020-07-13T14:07:07","guid":{"rendered":"https:\/\/encuentroinformativo.com\/?p=4046"},"modified":"2020-07-13T09:07:09","modified_gmt":"2020-07-13T14:07:09","slug":"preguntenle-a-arely","status":"publish","type":"post","link":"https:\/\/encuentroinformativo.com.mx\/?p=4046","title":{"rendered":"Preg\u00fantenle a Arely"},"content":{"rendered":"\n<p><strong>Los Pol\u00edticos<\/strong><\/p>\n\n\n\n<p><strong>Salvador Mu\u00f1oz<\/strong><br><\/p>\n\n\n\n<p>La manifestaci\u00f3n de la semana pasada en las oficinas del DIF estatal, en la capital de Xalapa, sirvi\u00f3 para dejar en claro las intenciones de cada actor, sea principal o secundario, en esta puesta en escena:<\/p>\n\n\n\n<p>Los colonos de la Atenas Veracruzana atraviesan por una situaci\u00f3n dif\u00edcil que se complic\u00f3 a\u00fan m\u00e1s por la emergencia sanitaria; su exigencia de apoyos es comprensible pero tambi\u00e9n aquilatada su posici\u00f3n de que sus peticiones no deben ser \u201cusadas\u201d con fines electoreros por quienes ya enfocan sus bater\u00edas en pos de la candidatura por la alcald\u00eda de Xalapa.<\/p>\n\n\n\n<p>La manifestaci\u00f3n expuso el inter\u00e9s de Rosalinda Galindo, Dorheny Garc\u00eda y Ana Miriam Ferr\u00e1ez por alcanzar la candidatura de la presidencia municipal, v\u00eda Morena, aunque haya entre ellas, a quien no le importe los modos para lograrlo&#8230;<\/p>\n\n\n\n<p>La manifestaci\u00f3n igual puso en evidencia el inter\u00e9s del DIF estatal por hacer bien las cosas, bueno, as\u00ed fue la postura que dio en la reuni\u00f3n que sostuvo con los colonos encabezados por Arely Alvarado cuando afirmaron: &#8220;Le ofrecemos una disculpa en nombre del DIF por todo lo que usted ha tenido que pasar. No haga caso a lo que le dijo la diputada de que sin ella no se van a entregar los apoyos. Los apoyos se entregar\u00e1n, tenga la seguridad de eso. Tambi\u00e9n le decimos que tenemos instrucciones del gobernador y de nuestro Presidente de hacer las cosas bien&#8221;.<\/p>\n\n\n\n<p>Y ese discurso junto con la manifestaci\u00f3n puso en su lugar al menos a una de las suspirantes a la candidatura, porque es evidente que la \u201cpedrada\u201d iba dirigida a Ana Miriam Ferr\u00e1ez y su falta de tacto y sensibilidad pol\u00edtica para atender a los colonos.<\/p>\n\n\n\n<p>Igual Pol\u00edtica Regional no dej\u00f3 pasar la oportunidad para considerar los comentarios de esta columna como \u201camarillistas\u201d sin considerar que s\u00f3lo replicamos el sentir, desasosiego y malestar de unos colonos, de all\u00e1 de El Castillo, y que si bien a veces no manejamos todos los datos, no es por falta de ellos, sino por el gusto siempre de tener una baraja bajo la mesa&#8230;<\/p>\n\n\n\n<p>La manifestaci\u00f3n de colonos de la semana pasada en el DIF estatal, pues, puede dejar en claro que con la necesidad de la gente, hay diputadas que juegan con ella; pero lo mejor es que los ciudadanos no est\u00e1n dispuestos a ser sometidos al yugo de la d\u00e1diva y que si se exigen apoyos, es porque los requieren y su orgullo no lo mendigan&#8230;<\/p>\n\n\n\n<p>Ya uno s\u00f3lo espera que el DIF Estatal tenga palabra y honre el servicio que presta para quienes en este momento de crisis econ\u00f3mica y sanitaria no ven la suya, y no caiga en la simpleza de esa diputada que para llegar a una candidatura, cree que se puede pisar la dignidad de los colonos xalape\u00f1os&#8230; y si tiene alguna duda, que le pregunte a Arely Alvarado&#8230;<br><\/p>\n\n\n\n<p><a href=\"mailto:smcainito@gmail.com\" target=\"_blank\" rel=\"noreferrer noopener\">smcainito@gmail.com<\/a><\/p>\n","protected":false},"excerpt":{"rendered":"<p>Los Pol\u00edticos Salvador Mu\u00f1oz La manifestaci\u00f3n de la semana pasada en las oficinas del DIF estatal, en la capital de Xalapa, sirvi\u00f3 para dejar en claro las intenciones de cada actor, sea principal o secundario, en esta puesta en escena: Los colonos de la Atenas Veracruzana atraviesan por una situaci\u00f3n dif\u00edcil que se complic\u00f3 a\u00fan [&hellip;]<\/p>\n","protected":false},"author":1,"featured_media":387,"comment_status":"open","ping_status":"open","sticky":false,"template":"","format":"standard","meta":{"_jetpack_memberships_contains_paid_content":false,"footnotes":""},"categories":[11],"tags":[],"class_list":["post-4046","post","type-post","status-publish","format-standard","has-post-thumbnail","hentry","category-opinion"],"jetpack_featured_media_url":"https:\/\/encuentroinformativo.com.mx\/wp-content\/uploads\/2020\/03\/7CF8A22B-2764-47BE-8F7F-38FE9E5D6A2F.jpeg","jetpack_sharing_enabled":true,"jetpack_likes_enabled":true,"amp_enabled":true,"_links":{"self":[{"href":"https:\/\/encuentroinformativo.com.mx\/index.php?rest_route=\/wp\/v2\/posts\/4046","targetHints":{"allow":["GET"]}}],"collection":[{"href":"https:\/\/encuentroinformativo.com.mx\/index.php?rest_route=\/wp\/v2\/posts"}],"about":[{"href":"https:\/\/encuentroinformativo.com.mx\/index.php?rest_route=\/wp\/v2\/types\/post"}],"author":[{"embeddable":true,"href":"https:\/\/encuentroinformativo.com.mx\/index.php?rest_route=\/wp\/v2\/users\/1"}],"replies":[{"embeddable":true,"href":"https:\/\/encuentroinformativo.com.mx\/index.php?rest_route=%2Fwp%2Fv2%2Fcomments&post=4046"}],"version-history":[{"count":1,"href":"https:\/\/encuentroinformativo.com.mx\/index.php?rest_route=\/wp\/v2\/posts\/4046\/revisions"}],"predecessor-version":[{"id":4047,"href":"https:\/\/encuentroinformativo.com.mx\/index.php?rest_route=\/wp\/v2\/posts\/4046\/revisions\/4047"}],"wp:featuredmedia":[{"embeddable":true,"href":"https:\/\/encuentroinformativo.com.mx\/index.php?rest_route=\/wp\/v2\/media\/387"}],"wp:attachment":[{"href":"https:\/\/encuentroinformativo.com.mx\/index.php?rest_route=%2Fwp%2Fv2%2Fmedia&parent=4046"}],"wp:term":[{"taxonomy":"category","embeddable":true,"href":"https:\/\/encuentroinformativo.com.mx\/index.php?rest_route=%2Fwp%2Fv2%2Fcategories&post=4046"},{"taxonomy":"post_tag","embeddable":true,"href":"https:\/\/encuentroinformativo.com.mx\/index.php?rest_route=%2Fwp%2Fv2%2Ftags&post=4046"}],"curies":[{"name":"wp","href":"https:\/\/api.w.org\/{rel}","templated":true}]}}