{"id":40460,"date":"2023-05-10T12:23:03","date_gmt":"2023-05-10T18:23:03","guid":{"rendered":"https:\/\/encuentroinformativo.com.mx\/?p=40460"},"modified":"2023-05-10T12:23:07","modified_gmt":"2023-05-10T18:23:07","slug":"han-identificado-el-9-de-los-cuerpos-en-colinas-de-santa-fe-colectivo-solecito","status":"publish","type":"post","link":"https:\/\/encuentroinformativo.com.mx\/?p=40460","title":{"rendered":"Han identificado el 9% de los cuerpos en Colinas de Santa Fe: Colectivo Solecito"},"content":{"rendered":"\n<p><strong>Alejandro \u00c1vila<\/strong><\/p>\n\n\n\n<p>Veracruz, Ver.- Previo a la marcha por el 10 de mayo, el Colectivo Solecito denunci\u00f3 que desde el 2018, la Polic\u00eda Federal ahora Guardia Nacional, solo ha identificado al 9 por ciento de los cuerpos que encontraron en los predios del fraccionamiento Colinas de Santa Fe al norte del municipio de Veracruz.<\/p>\n\n\n\n<p>La activista, Rosal\u00eda Castro, se\u00f1al\u00f3 que hoy exigen a las dependencias federales y estatales que den resultados en la identificaci\u00f3n de cuerpos, ya que existen varios &#8220;tesoros&#8221; que han encontrado, mismos que podr\u00edan ya ser entregados a sus respectivas familias.<\/p>\n\n\n\n<p>&#8220;Hacemos un llamado a la extinta Polic\u00eda Federal hoy Guardia Nacional, que de los 302 &#8216;tesoros&#8217; que se encontraron solamente se han identificado 27, y eso se termin\u00f3 en 2018, \u00bfqu\u00e9 tiempo m\u00e1s tenemos que esperar?&#8221;, cuestion\u00f3.<\/p>\n\n\n\n<p>Rosal\u00eda Castro reconoci\u00f3 que han sostenido reuniones peri\u00f3dicas con el gobernador de Veracruz, Cuitl\u00e1huac Garc\u00eda Jim\u00e9nez, con la Comisi\u00f3n Estatal de B\u00fasqueda y otras dependencias, las cuales les han mostrado informes de avance; sin embargo, ellos exigen les demuestren con hechos los progresos que han tenido en sus investigaciones.<\/p>\n\n\n\n<p>&#8220;En Arbolillo tambi\u00e9n, ah\u00ed ha habido un poco m\u00e1s de identificaci\u00f3n, pero tambi\u00e9n faltan muchos (\u2026) nosotros estamos trabajando en el Sistema Lagunar, ya ah\u00ed ya encontramos indicios, ese lugar ya lo hab\u00eda trabajado Comisi\u00f3n de B\u00fasqueda Nacional e hizo un trabajo desaseado, hemos encontrado lo que no pens\u00e1bamos encontrar porque si ya lo hizo la B\u00fasqueda Nacional, pero bueno\u2026las b\u00fasquedas sin las familias, no&#8221;, refut\u00f3.<\/p>\n\n\n\n<figure class=\"wp-block-image size-large\"><img loading=\"lazy\" decoding=\"async\" width=\"1024\" height=\"768\" src=\"https:\/\/encuentroinformativo.com.mx\/wp-content\/uploads\/2023\/05\/IMG-20230510-WA0034-1024x768.jpg\" alt=\"\" class=\"wp-image-40462\" srcset=\"https:\/\/encuentroinformativo.com.mx\/wp-content\/uploads\/2023\/05\/IMG-20230510-WA0034-1024x768.jpg 1024w, https:\/\/encuentroinformativo.com.mx\/wp-content\/uploads\/2023\/05\/IMG-20230510-WA0034-300x225.jpg 300w, https:\/\/encuentroinformativo.com.mx\/wp-content\/uploads\/2023\/05\/IMG-20230510-WA0034-768x576.jpg 768w, https:\/\/encuentroinformativo.com.mx\/wp-content\/uploads\/2023\/05\/IMG-20230510-WA0034-1536x1152.jpg 1536w, https:\/\/encuentroinformativo.com.mx\/wp-content\/uploads\/2023\/05\/IMG-20230510-WA0034.jpg 1600w\" sizes=\"auto, (max-width: 1024px) 100vw, 1024px\" \/><\/figure>\n","protected":false},"excerpt":{"rendered":"<p>Alejandro \u00c1vila Veracruz, Ver.- Previo a la marcha por el 10 de mayo, el Colectivo Solecito denunci\u00f3 que desde el 2018, la Polic\u00eda Federal ahora Guardia Nacional, solo ha identificado al 9 por ciento de los cuerpos que encontraron en los predios del fraccionamiento Colinas de Santa Fe al norte del municipio de Veracruz. La [&hellip;]<\/p>\n","protected":false},"author":2476,"featured_media":40461,"comment_status":"open","ping_status":"open","sticky":false,"template":"","format":"standard","meta":{"_jetpack_memberships_contains_paid_content":false,"footnotes":""},"categories":[2],"tags":[],"class_list":["post-40460","post","type-post","status-publish","format-standard","has-post-thumbnail","hentry","category-estado"],"jetpack_featured_media_url":"https:\/\/encuentroinformativo.com.mx\/wp-content\/uploads\/2023\/05\/IMG-20230510-WA0033.jpg","jetpack_sharing_enabled":true,"jetpack_likes_enabled":true,"amp_enabled":true,"_links":{"self":[{"href":"https:\/\/encuentroinformativo.com.mx\/index.php?rest_route=\/wp\/v2\/posts\/40460","targetHints":{"allow":["GET"]}}],"collection":[{"href":"https:\/\/encuentroinformativo.com.mx\/index.php?rest_route=\/wp\/v2\/posts"}],"about":[{"href":"https:\/\/encuentroinformativo.com.mx\/index.php?rest_route=\/wp\/v2\/types\/post"}],"author":[{"embeddable":true,"href":"https:\/\/encuentroinformativo.com.mx\/index.php?rest_route=\/wp\/v2\/users\/2476"}],"replies":[{"embeddable":true,"href":"https:\/\/encuentroinformativo.com.mx\/index.php?rest_route=%2Fwp%2Fv2%2Fcomments&post=40460"}],"version-history":[{"count":1,"href":"https:\/\/encuentroinformativo.com.mx\/index.php?rest_route=\/wp\/v2\/posts\/40460\/revisions"}],"predecessor-version":[{"id":40463,"href":"https:\/\/encuentroinformativo.com.mx\/index.php?rest_route=\/wp\/v2\/posts\/40460\/revisions\/40463"}],"wp:featuredmedia":[{"embeddable":true,"href":"https:\/\/encuentroinformativo.com.mx\/index.php?rest_route=\/wp\/v2\/media\/40461"}],"wp:attachment":[{"href":"https:\/\/encuentroinformativo.com.mx\/index.php?rest_route=%2Fwp%2Fv2%2Fmedia&parent=40460"}],"wp:term":[{"taxonomy":"category","embeddable":true,"href":"https:\/\/encuentroinformativo.com.mx\/index.php?rest_route=%2Fwp%2Fv2%2Fcategories&post=40460"},{"taxonomy":"post_tag","embeddable":true,"href":"https:\/\/encuentroinformativo.com.mx\/index.php?rest_route=%2Fwp%2Fv2%2Ftags&post=40460"}],"curies":[{"name":"wp","href":"https:\/\/api.w.org\/{rel}","templated":true}]}}