{"id":40464,"date":"2023-05-10T13:06:26","date_gmt":"2023-05-10T19:06:26","guid":{"rendered":"https:\/\/encuentroinformativo.com.mx\/?p=40464"},"modified":"2023-05-10T13:06:30","modified_gmt":"2023-05-10T19:06:30","slug":"veracruz-con-mas-de-300-fosas-clandestinas-afirman-colectivos","status":"publish","type":"post","link":"https:\/\/encuentroinformativo.com.mx\/?p=40464","title":{"rendered":"Veracruz con m\u00e1s de 300 fosas clandestinas, afirman Colectivos"},"content":{"rendered":"\n<p><strong>Dar\u00edo Pale<\/strong><\/p>\n\n\n\n<p>Xalapa, Ver.- Mar\u00eda Elena Guti\u00e9rrez Dom\u00ednguez, coordinadora del colectivo &#8220;Buscando a nuestros desaparecidos y desaparecidas veracruz&#8221;, dio a conocer que en el pa\u00eds hay 112 mil 140 desaparecidos, asegur\u00f3 que en Veracruz hay 324 fosas clandestinas, por lo que ocupa el cuarto lugar a nivel nacional.<\/p>\n\n\n\n<p>Entrevistada durante la marcha que realizaron el d\u00eda de hoy integrantes de colectivos de personas desaparecidas caminaron desde el Pante\u00f3n Palo Verde hacia el monumento a los desaparecidos en la avenida Orizaba.<\/p>\n\n\n\n<p>El contingente paso por la avenida 20 de Noviembre para incorporarse a la avenida Xalape\u00f1os Ilustres, Enr\u00edquez, avenida Avila Camacho y llegar a la avenida Orizaba.<br>Se\u00f1al\u00f3 que en M\u00e9xico no hay justicia, &#8220;los desaparecidos a este gobierno no les interesa, las v\u00edctimas siempre hemos tenido el mismo trato, antes de 2010 y hasta el 2016, y actualmente&#8221;.<\/p>\n\n\n\n<p>Al respecto, detall\u00f3 que en el pa\u00eds hay 112 mil 140 desaparecidos hasta el mes de marzo.<\/p>\n\n\n\n<p>&#8220;Las cifras oficiales tienen mucho de falsedad, esta cifra es peor a nivel nacional. Las fosas clandestinas que hay en Veracruz son 324 y el mayor n\u00famero de fosas clandestinas localizadas se encuentran en el puerto de Veracruz&#8221;, acus\u00f3.<\/p>\n\n\n\n<p>Adem\u00e1s, manifest\u00f3 que Veracruz est\u00e1 entre los cuatro primeros lugares de los estados con mayor n\u00famero de fosas clandestinas.<\/p>\n\n\n\n<p>Sobre la b\u00fasqueda que iniciaron en la Academia de Polic\u00eda de El Lencero, precis\u00f3 que apenas se est\u00e1n haciendo trabajos de chapeo y que esperan que el lugar de positivo, es decir, que haya restos que les permitan concluir a algunas madres la b\u00fasqueda de sus hijos.\u00a0<\/p>\n\n\n\n<p>En esta fecha en la que dijo, ni es una celebraci\u00f3n para ninguna de ellas pidi\u00f3 que sea reconocida su lucha, &#8220;todos los restos que se est\u00e1n recuperando de la barranca de Aurora, salieron de la Academia de Polic\u00eda. Salieron muertas o las aventaron del helic\u00f3ptero&#8221;.<\/p>\n\n\n\n<p>Finalmente se\u00f1al\u00f3 que &#8220;el d\u00eda de hoy, para estar aqu\u00ed, somos mujeres, madres. Hay que reconocer la valent\u00eda, el no dejar este tema y exigir justicia&#8221;.<\/p>\n\n\n\n<figure class=\"wp-block-image size-large\"><img loading=\"lazy\" decoding=\"async\" width=\"1024\" height=\"765\" src=\"https:\/\/encuentroinformativo.com.mx\/wp-content\/uploads\/2023\/05\/Photo_1683745254469-1024x765.jpg\" alt=\"\" class=\"wp-image-40466\" srcset=\"https:\/\/encuentroinformativo.com.mx\/wp-content\/uploads\/2023\/05\/Photo_1683745254469-1024x765.jpg 1024w, https:\/\/encuentroinformativo.com.mx\/wp-content\/uploads\/2023\/05\/Photo_1683745254469-300x224.jpg 300w, https:\/\/encuentroinformativo.com.mx\/wp-content\/uploads\/2023\/05\/Photo_1683745254469-768x573.jpg 768w, https:\/\/encuentroinformativo.com.mx\/wp-content\/uploads\/2023\/05\/Photo_1683745254469-1536x1147.jpg 1536w, https:\/\/encuentroinformativo.com.mx\/wp-content\/uploads\/2023\/05\/Photo_1683745254469.jpg 1757w\" sizes=\"auto, (max-width: 1024px) 100vw, 1024px\" \/><\/figure>\n","protected":false},"excerpt":{"rendered":"<p>Dar\u00edo Pale Xalapa, Ver.- Mar\u00eda Elena Guti\u00e9rrez Dom\u00ednguez, coordinadora del colectivo &#8220;Buscando a nuestros desaparecidos y desaparecidas veracruz&#8221;, dio a conocer que en el pa\u00eds hay 112 mil 140 desaparecidos, asegur\u00f3 que en Veracruz hay 324 fosas clandestinas, por lo que ocupa el cuarto lugar a nivel nacional. Entrevistada durante la marcha que realizaron el [&hellip;]<\/p>\n","protected":false},"author":2476,"featured_media":40465,"comment_status":"open","ping_status":"open","sticky":false,"template":"","format":"standard","meta":{"_jetpack_memberships_contains_paid_content":false,"footnotes":""},"categories":[2],"tags":[],"class_list":["post-40464","post","type-post","status-publish","format-standard","has-post-thumbnail","hentry","category-estado"],"jetpack_featured_media_url":"https:\/\/encuentroinformativo.com.mx\/wp-content\/uploads\/2023\/05\/Photo_1683745299163.jpg","jetpack_sharing_enabled":true,"jetpack_likes_enabled":true,"amp_enabled":true,"_links":{"self":[{"href":"https:\/\/encuentroinformativo.com.mx\/index.php?rest_route=\/wp\/v2\/posts\/40464","targetHints":{"allow":["GET"]}}],"collection":[{"href":"https:\/\/encuentroinformativo.com.mx\/index.php?rest_route=\/wp\/v2\/posts"}],"about":[{"href":"https:\/\/encuentroinformativo.com.mx\/index.php?rest_route=\/wp\/v2\/types\/post"}],"author":[{"embeddable":true,"href":"https:\/\/encuentroinformativo.com.mx\/index.php?rest_route=\/wp\/v2\/users\/2476"}],"replies":[{"embeddable":true,"href":"https:\/\/encuentroinformativo.com.mx\/index.php?rest_route=%2Fwp%2Fv2%2Fcomments&post=40464"}],"version-history":[{"count":1,"href":"https:\/\/encuentroinformativo.com.mx\/index.php?rest_route=\/wp\/v2\/posts\/40464\/revisions"}],"predecessor-version":[{"id":40467,"href":"https:\/\/encuentroinformativo.com.mx\/index.php?rest_route=\/wp\/v2\/posts\/40464\/revisions\/40467"}],"wp:featuredmedia":[{"embeddable":true,"href":"https:\/\/encuentroinformativo.com.mx\/index.php?rest_route=\/wp\/v2\/media\/40465"}],"wp:attachment":[{"href":"https:\/\/encuentroinformativo.com.mx\/index.php?rest_route=%2Fwp%2Fv2%2Fmedia&parent=40464"}],"wp:term":[{"taxonomy":"category","embeddable":true,"href":"https:\/\/encuentroinformativo.com.mx\/index.php?rest_route=%2Fwp%2Fv2%2Fcategories&post=40464"},{"taxonomy":"post_tag","embeddable":true,"href":"https:\/\/encuentroinformativo.com.mx\/index.php?rest_route=%2Fwp%2Fv2%2Ftags&post=40464"}],"curies":[{"name":"wp","href":"https:\/\/api.w.org\/{rel}","templated":true}]}}