{"id":40468,"date":"2023-05-10T13:22:03","date_gmt":"2023-05-10T19:22:03","guid":{"rendered":"https:\/\/encuentroinformativo.com.mx\/?p=40468"},"modified":"2023-05-10T13:22:07","modified_gmt":"2023-05-10T19:22:07","slug":"continuaran-busqueda-en-academia-de-policias","status":"publish","type":"post","link":"https:\/\/encuentroinformativo.com.mx\/?p=40468","title":{"rendered":"Continuar\u00e1n b\u00fasqueda en Academia de Polic\u00edas"},"content":{"rendered":"\n<p><strong>Juan Arcos<\/strong><\/p>\n\n\n\n<p>Xalapa, Ver.- El pasado lunes 8 de mayo inici\u00f3 la b\u00fasqueda de fosas clandestinas en el Centro de Estudios e Investigaciones en Seguridad (CEIS), antes la Academia Estatal de Polic\u00eda, ubicada en El Lencero, municipio de Emiliano Zapata.<\/p>\n\n\n\n<p>Ingresaron los integrantes de diversos colectivos de familiares de desaparecidos, acompa\u00f1ados de elementos de la Fiscal\u00eda General del Estado (FGE), Guardia Nacional (GN) y personal de la Comisi\u00f3n Estatal de B\u00fasqueda.<\/p>\n\n\n\n<p>Fabiola Pensado Barrera, quien busca a su hijo Argenis Yosimar Pensado Barrera, detall\u00f3 que en los puntos con posibles fosas clandestinas ahora hay edificaciones, como dormitorios y hasta una alberca.<\/p>\n\n\n\n<p>\u201cNos permitieron entrar a la academia despu\u00e9s de muchos a\u00f1os, entramos hace unos a\u00f1os y ahora de nuevo, gracias a la presi\u00f3n de Mar\u00eda Elena Guti\u00e9rrez, del grupo Buscando a Nuestros Desaparecidos y Desaparecidos Veracruz. No es que no haya fosas, es que cuando por fin nos permiten nuevamente entrar, ya hay construcciones, ya hay un relleno de muy alto nivel y no hay condiciones. Donde hay puntos de posibles fosas ahora hay construcciones, hay dormitorios, c\u00f3mo tiramos los dormitorios\u201d.<\/p>\n\n\n\n<p>Las madres de personas no localizadas criticaron que las autoridades declaren p\u00fablicamente que no hubo casos de desapariciones forzadas y fosas clandestinas en el CEIS.<\/p>\n\n\n\n<p>Las integrantes de los colectivos de familiares de desaparecidos buscan con palas, picos y varillas en el terreno del CEIS, pero hasta el momento no hay hallazgos.<\/p>\n\n\n\n<p>Estas acciones estaban programadas para los d\u00edas 8, 9, 11 y 12 de mayo; sin embargo, van a prolongarse hasta la siguiente semana.<\/p>\n\n\n\n<p>\u201cApenas se reinici\u00f3 otra vez, esta semana vamos lento, es complicado; sin embargo, las madres no perdemos la esperanza\u201d, indicaron.<\/p>\n","protected":false},"excerpt":{"rendered":"<p>Juan Arcos Xalapa, Ver.- El pasado lunes 8 de mayo inici\u00f3 la b\u00fasqueda de fosas clandestinas en el Centro de Estudios e Investigaciones en Seguridad (CEIS), antes la Academia Estatal de Polic\u00eda, ubicada en El Lencero, municipio de Emiliano Zapata. Ingresaron los integrantes de diversos colectivos de familiares de desaparecidos, acompa\u00f1ados de elementos de la [&hellip;]<\/p>\n","protected":false},"author":2476,"featured_media":40469,"comment_status":"open","ping_status":"open","sticky":false,"template":"","format":"standard","meta":{"_jetpack_memberships_contains_paid_content":false,"footnotes":""},"categories":[8],"tags":[],"class_list":["post-40468","post","type-post","status-publish","format-standard","has-post-thumbnail","hentry","category-region"],"jetpack_featured_media_url":"https:\/\/encuentroinformativo.com.mx\/wp-content\/uploads\/2023\/05\/IMG_5172.jpg","jetpack_sharing_enabled":true,"jetpack_likes_enabled":true,"amp_enabled":true,"_links":{"self":[{"href":"https:\/\/encuentroinformativo.com.mx\/index.php?rest_route=\/wp\/v2\/posts\/40468","targetHints":{"allow":["GET"]}}],"collection":[{"href":"https:\/\/encuentroinformativo.com.mx\/index.php?rest_route=\/wp\/v2\/posts"}],"about":[{"href":"https:\/\/encuentroinformativo.com.mx\/index.php?rest_route=\/wp\/v2\/types\/post"}],"author":[{"embeddable":true,"href":"https:\/\/encuentroinformativo.com.mx\/index.php?rest_route=\/wp\/v2\/users\/2476"}],"replies":[{"embeddable":true,"href":"https:\/\/encuentroinformativo.com.mx\/index.php?rest_route=%2Fwp%2Fv2%2Fcomments&post=40468"}],"version-history":[{"count":1,"href":"https:\/\/encuentroinformativo.com.mx\/index.php?rest_route=\/wp\/v2\/posts\/40468\/revisions"}],"predecessor-version":[{"id":40470,"href":"https:\/\/encuentroinformativo.com.mx\/index.php?rest_route=\/wp\/v2\/posts\/40468\/revisions\/40470"}],"wp:featuredmedia":[{"embeddable":true,"href":"https:\/\/encuentroinformativo.com.mx\/index.php?rest_route=\/wp\/v2\/media\/40469"}],"wp:attachment":[{"href":"https:\/\/encuentroinformativo.com.mx\/index.php?rest_route=%2Fwp%2Fv2%2Fmedia&parent=40468"}],"wp:term":[{"taxonomy":"category","embeddable":true,"href":"https:\/\/encuentroinformativo.com.mx\/index.php?rest_route=%2Fwp%2Fv2%2Fcategories&post=40468"},{"taxonomy":"post_tag","embeddable":true,"href":"https:\/\/encuentroinformativo.com.mx\/index.php?rest_route=%2Fwp%2Fv2%2Ftags&post=40468"}],"curies":[{"name":"wp","href":"https:\/\/api.w.org\/{rel}","templated":true}]}}