{"id":40474,"date":"2023-05-10T16:00:38","date_gmt":"2023-05-10T22:00:38","guid":{"rendered":"https:\/\/encuentroinformativo.com.mx\/?p=40474"},"modified":"2023-05-10T16:00:42","modified_gmt":"2023-05-10T22:00:42","slug":"fallecio-el-fotografo-rafa-vazquez","status":"publish","type":"post","link":"https:\/\/encuentroinformativo.com.mx\/?p=40474","title":{"rendered":"Falleci\u00f3 el fot\u00f3grafo Rafa V\u00e1zquez"},"content":{"rendered":"\n<p><strong>Dar\u00edo Pale <\/strong><\/p>\n\n\n\n<p>Xalapa, Ver.- El medio period\u00edstico pierde a otro elemento m\u00e1s lamentablemente en esta ocasi\u00f3n fue el compa\u00f1ero Foto periodista Rafael V\u00e1zquez Viveros quien fallece de un infarto en el CAE.\u00a0<\/p>\n\n\n\n<p>Debido a un infarto card\u00edaco, falleci\u00f3 la madrugada de este mi\u00e9rcoles el fotoreportero Rafael V\u00e1zquez Viveros a la edad de 64 a\u00f1os de edad; su cuerpo ser\u00e1 velado en la Funeraria del DIF Municipal, ubicado en la Calle Sayago de esta capital a partir de las 12 horas.<\/p>\n\n\n\n<p>V\u00e1zquez Viveros se inici\u00f3 en el medio period\u00edstico como camar\u00f3grafo de la televisora estatal Cuatro+ hoy Radiotelevisi\u00f3n de Veracruz, en d\u00f3nde se desempe\u00f1o con gran profesionalismo, para despu\u00e9s inmiscuirse m\u00e1s en la actividad fotogr\u00e1fica, que fue una de sus grandes pasiones, adem\u00e1s de la lectura de los cl\u00e1sicos de la literatura universal.<\/p>\n\n\n\n<p>Como fotoreportero, labor\u00f3 por muchos a\u00f1os en El Diario de Xalapa y posteriormente en la corresponsal\u00eda de El Dictamen, El Decano de la Prensa Nacional; hasta que cerr\u00f3 sus puertas hace aproximadamente seis a\u00f1os, en d\u00f3nde comparti\u00f3 grandes experiencias con el maestro Pompeyo Lobato Ortiz, quien fung\u00eda como jefe de la oficina de corresponsales, as\u00ed como con Melesio Carrillo, Isaul Z\u00fa\u00f1iga, Raquel R\u00edos, Antonia Baxin, entre otros.<\/p>\n\n\n\n<p>Finalmente cabe se\u00f1alar que, en los \u00faltimos a\u00f1os, se desempe\u00f1aba como reportero del portal Acr\u00f3polis, en d\u00f3nde hasta el pasado martes, env\u00edo su informaci\u00f3n de lo acontecido en ese d\u00eda, le sobreviven su esposa y sus hijos.<\/p>\n\n\n\n<p>Descanse en Paz, el compa\u00f1ero Rafa V\u00e1zquez.<\/p>\n","protected":false},"excerpt":{"rendered":"<p>Dar\u00edo Pale Xalapa, Ver.- El medio period\u00edstico pierde a otro elemento m\u00e1s lamentablemente en esta ocasi\u00f3n fue el compa\u00f1ero Foto periodista Rafael V\u00e1zquez Viveros quien fallece de un infarto en el CAE.\u00a0 Debido a un infarto card\u00edaco, falleci\u00f3 la madrugada de este mi\u00e9rcoles el fotoreportero Rafael V\u00e1zquez Viveros a la edad de 64 a\u00f1os de [&hellip;]<\/p>\n","protected":false},"author":2476,"featured_media":40475,"comment_status":"open","ping_status":"open","sticky":false,"template":"","format":"standard","meta":{"_jetpack_memberships_contains_paid_content":false,"footnotes":""},"categories":[3],"tags":[],"class_list":["post-40474","post","type-post","status-publish","format-standard","has-post-thumbnail","hentry","category-xalapa"],"jetpack_featured_media_url":"https:\/\/encuentroinformativo.com.mx\/wp-content\/uploads\/2023\/05\/IMG-20230510-WA0089.jpg","jetpack_sharing_enabled":true,"jetpack_likes_enabled":true,"amp_enabled":true,"_links":{"self":[{"href":"https:\/\/encuentroinformativo.com.mx\/index.php?rest_route=\/wp\/v2\/posts\/40474","targetHints":{"allow":["GET"]}}],"collection":[{"href":"https:\/\/encuentroinformativo.com.mx\/index.php?rest_route=\/wp\/v2\/posts"}],"about":[{"href":"https:\/\/encuentroinformativo.com.mx\/index.php?rest_route=\/wp\/v2\/types\/post"}],"author":[{"embeddable":true,"href":"https:\/\/encuentroinformativo.com.mx\/index.php?rest_route=\/wp\/v2\/users\/2476"}],"replies":[{"embeddable":true,"href":"https:\/\/encuentroinformativo.com.mx\/index.php?rest_route=%2Fwp%2Fv2%2Fcomments&post=40474"}],"version-history":[{"count":1,"href":"https:\/\/encuentroinformativo.com.mx\/index.php?rest_route=\/wp\/v2\/posts\/40474\/revisions"}],"predecessor-version":[{"id":40476,"href":"https:\/\/encuentroinformativo.com.mx\/index.php?rest_route=\/wp\/v2\/posts\/40474\/revisions\/40476"}],"wp:featuredmedia":[{"embeddable":true,"href":"https:\/\/encuentroinformativo.com.mx\/index.php?rest_route=\/wp\/v2\/media\/40475"}],"wp:attachment":[{"href":"https:\/\/encuentroinformativo.com.mx\/index.php?rest_route=%2Fwp%2Fv2%2Fmedia&parent=40474"}],"wp:term":[{"taxonomy":"category","embeddable":true,"href":"https:\/\/encuentroinformativo.com.mx\/index.php?rest_route=%2Fwp%2Fv2%2Fcategories&post=40474"},{"taxonomy":"post_tag","embeddable":true,"href":"https:\/\/encuentroinformativo.com.mx\/index.php?rest_route=%2Fwp%2Fv2%2Ftags&post=40474"}],"curies":[{"name":"wp","href":"https:\/\/api.w.org\/{rel}","templated":true}]}}