{"id":4048,"date":"2020-07-13T12:38:19","date_gmt":"2020-07-13T17:38:19","guid":{"rendered":"https:\/\/encuentroinformativo.com\/?p=4048"},"modified":"2020-07-13T12:38:21","modified_gmt":"2020-07-13T17:38:21","slug":"concluye-pc-entrega-de-recursos-del-fonden","status":"publish","type":"post","link":"https:\/\/encuentroinformativo.com.mx\/?p=4048","title":{"rendered":"Concluye PC entrega de recursos del FONDEN"},"content":{"rendered":"\n<p><strong>Dar\u00edo Pale <\/strong><\/p>\n\n\n\n<p>Xalapa, Ver.- La Secretaria de Protecci\u00f3n Civil Estatal (PC), Guadalupe Osorno Maldonado dio a conocer que ya terminaron de hacer las entregas de los recursos del FONDEN y la \u00faltima fue en el municipio de Xalapa.<\/p>\n\n\n\n<p>Entrevistada en las afueras de palacio de gobierno se\u00f1al\u00f3 que a\u00fan contin\u00faa la temporada de incendios, pero afortunadamente ya iniciaron las lluvias, no obstante en algunos municipios sube mucho al temperatura, pero gracias a que la vegetaci\u00f3n esta verde no se alcanzan a propagar mucho.<\/p>\n\n\n\n<p>No obstante se han registrado incendios en casa habitaci\u00f3n, s\u00ed que resultaran personas lesionadas, el s\u00e1bado se incendi\u00f3 una peque\u00f1a parte del basurero de Cerro Azul el cual se control\u00f3 de inmediato y solo se afect\u00f3 una peque\u00f1a parte sin que pasara a mayores.<\/p>\n\n\n\n<p>Se\u00f1al\u00f3 que a afortunadamente esta temporada de incendios ha sido menor, \u201cya que debemos estar por debajo de la tercera parte de los incendios forestales que tuvimos el a\u00f1o pasado, si no es que ya le pegamos a una cuarta parte de todo lo que tuvimos el a\u00f1o pasado\u201d.<\/p>\n\n\n\n<p>Dio a conocer que se espera un Julio con temperaturas arriba del promedio y con d\u00e9ficit de lluvias.<\/p>\n\n\n\n<p>En otro orden de ideas en lo que se refiere a los recursos del FONDEN ya se distribuyeron, ya que los municipios son quienes hacen entrega de ellos, y la secretaria solo supervisa, y afortunadamente ya se est\u00e1 terminando con la emergencia como lo es en Xalapa.<\/p>\n\n\n\n<p>Ya est\u00e1n cerradas las emergencias en Agua Dulce, y en algunos municipios de del norte del estado como son Xontla, Tantima, donde fueron dos seguidos ya quemes tocaron las lluvias extraordinarias del mes de junio, fueron las tres declaratorias que se han tenido.<\/p>\n\n\n\n<p>Finalmente se\u00f1al\u00f3 que no hay un programa espec\u00edfico respecto a las pertenencias que se perdieron por lo que est\u00e1n analizando las posibilidades para poder hacer algunas reubicaciones, pero es un proceso largo ya que muchas veces no se quieren mover de sus casas.\u00a0<\/p>\n\n\n\n<p><\/p>\n","protected":false},"excerpt":{"rendered":"<p>Dar\u00edo Pale Xalapa, Ver.- La Secretaria de Protecci\u00f3n Civil Estatal (PC), Guadalupe Osorno Maldonado dio a conocer que ya terminaron de hacer las entregas de los recursos del FONDEN y la \u00faltima fue en el municipio de Xalapa. Entrevistada en las afueras de palacio de gobierno se\u00f1al\u00f3 que a\u00fan contin\u00faa la temporada de incendios, pero [&hellip;]<\/p>\n","protected":false},"author":1,"featured_media":4050,"comment_status":"open","ping_status":"open","sticky":false,"template":"","format":"standard","meta":{"_jetpack_memberships_contains_paid_content":false,"footnotes":""},"categories":[2],"tags":[],"class_list":["post-4048","post","type-post","status-publish","format-standard","has-post-thumbnail","hentry","category-estado"],"jetpack_featured_media_url":"https:\/\/encuentroinformativo.com.mx\/wp-content\/uploads\/2020\/07\/523F6630-D6D0-4A08-A0A8-43B7776C2F30.jpeg","jetpack_sharing_enabled":true,"jetpack_likes_enabled":true,"amp_enabled":true,"_links":{"self":[{"href":"https:\/\/encuentroinformativo.com.mx\/index.php?rest_route=\/wp\/v2\/posts\/4048","targetHints":{"allow":["GET"]}}],"collection":[{"href":"https:\/\/encuentroinformativo.com.mx\/index.php?rest_route=\/wp\/v2\/posts"}],"about":[{"href":"https:\/\/encuentroinformativo.com.mx\/index.php?rest_route=\/wp\/v2\/types\/post"}],"author":[{"embeddable":true,"href":"https:\/\/encuentroinformativo.com.mx\/index.php?rest_route=\/wp\/v2\/users\/1"}],"replies":[{"embeddable":true,"href":"https:\/\/encuentroinformativo.com.mx\/index.php?rest_route=%2Fwp%2Fv2%2Fcomments&post=4048"}],"version-history":[{"count":1,"href":"https:\/\/encuentroinformativo.com.mx\/index.php?rest_route=\/wp\/v2\/posts\/4048\/revisions"}],"predecessor-version":[{"id":4051,"href":"https:\/\/encuentroinformativo.com.mx\/index.php?rest_route=\/wp\/v2\/posts\/4048\/revisions\/4051"}],"wp:featuredmedia":[{"embeddable":true,"href":"https:\/\/encuentroinformativo.com.mx\/index.php?rest_route=\/wp\/v2\/media\/4050"}],"wp:attachment":[{"href":"https:\/\/encuentroinformativo.com.mx\/index.php?rest_route=%2Fwp%2Fv2%2Fmedia&parent=4048"}],"wp:term":[{"taxonomy":"category","embeddable":true,"href":"https:\/\/encuentroinformativo.com.mx\/index.php?rest_route=%2Fwp%2Fv2%2Fcategories&post=4048"},{"taxonomy":"post_tag","embeddable":true,"href":"https:\/\/encuentroinformativo.com.mx\/index.php?rest_route=%2Fwp%2Fv2%2Ftags&post=4048"}],"curies":[{"name":"wp","href":"https:\/\/api.w.org\/{rel}","templated":true}]}}