{"id":40480,"date":"2023-05-10T16:07:10","date_gmt":"2023-05-10T22:07:10","guid":{"rendered":"https:\/\/encuentroinformativo.com.mx\/?p=40480"},"modified":"2023-05-10T16:07:14","modified_gmt":"2023-05-10T22:07:14","slug":"un-clasico-reaparece-julio-saldana-en-las-calles-y-reparte-rosas-a-las-madres","status":"publish","type":"post","link":"https:\/\/encuentroinformativo.com.mx\/?p=40480","title":{"rendered":"\u00a1Un cl\u00e1sico! Reaparece Julio Salda\u00f1a en las calles y reparte rosas a las madres"},"content":{"rendered":"\n<p><strong>Alejandro \u00c1vila<\/strong><\/p>\n\n\n\n<p>Veracruz, Ver.- Como cada a\u00f1o, el ex diputado federal, Julio Salda\u00f1a Mor\u00e1n, sali\u00f3 a las calles del Puerto de Veracruz para regalar rosas a las madres jarochas.<\/p>\n\n\n\n<p>Durante su actividad se hizo acompa\u00f1ar de mariachis; en breve entrevista, dijo que esta acci\u00f3n la realiza desde hace 15 a\u00f1os, solamente la interrumpi\u00f3 por la pandemia.<\/p>\n\n\n\n<p>&#8220;Es una historia que la hemos escrito desde hace 17 a 18 a\u00f1os salvo los dos a\u00f1os de la pandemia\u2026 lo hicimos hoy en cuatro puntos, pudimos regalar alrededor de 7 mil rosas a mam\u00e1s veracruzanas&#8221;, coment\u00f3.<\/p>\n\n\n\n<p>Agreg\u00f3 que la actividad la hace por cuenta propia, sin lonas, ni logos partidistas.<\/p>\n\n\n\n<p>&#8220;No hay lona, no hay logo, no hay partido pol\u00edtico, solo lo que valoramos que es el tesoro m\u00e1s grande que dios nos ha dado a los hijos y las hijas, nuestras mam\u00e1s\u2026 esta actividad de mi parte la seguiremos haciendo por los a\u00f1os venideros&#8221;, dijo.<\/p>\n\n\n\n<p>Finalmente el ex diputado federal afirm\u00f3 que en el tema pol\u00edtico se encuentra activo, pero se mantiene en un descanso de manera partidista.<\/p>\n","protected":false},"excerpt":{"rendered":"<p>Alejandro \u00c1vila Veracruz, Ver.- Como cada a\u00f1o, el ex diputado federal, Julio Salda\u00f1a Mor\u00e1n, sali\u00f3 a las calles del Puerto de Veracruz para regalar rosas a las madres jarochas. Durante su actividad se hizo acompa\u00f1ar de mariachis; en breve entrevista, dijo que esta acci\u00f3n la realiza desde hace 15 a\u00f1os, solamente la interrumpi\u00f3 por la [&hellip;]<\/p>\n","protected":false},"author":2476,"featured_media":40481,"comment_status":"open","ping_status":"open","sticky":false,"template":"","format":"standard","meta":{"_jetpack_memberships_contains_paid_content":false,"footnotes":""},"categories":[2],"tags":[],"class_list":["post-40480","post","type-post","status-publish","format-standard","has-post-thumbnail","hentry","category-estado"],"jetpack_featured_media_url":"https:\/\/encuentroinformativo.com.mx\/wp-content\/uploads\/2023\/05\/IMG-20230510-WA0082.jpg","jetpack_sharing_enabled":true,"jetpack_likes_enabled":true,"amp_enabled":true,"_links":{"self":[{"href":"https:\/\/encuentroinformativo.com.mx\/index.php?rest_route=\/wp\/v2\/posts\/40480","targetHints":{"allow":["GET"]}}],"collection":[{"href":"https:\/\/encuentroinformativo.com.mx\/index.php?rest_route=\/wp\/v2\/posts"}],"about":[{"href":"https:\/\/encuentroinformativo.com.mx\/index.php?rest_route=\/wp\/v2\/types\/post"}],"author":[{"embeddable":true,"href":"https:\/\/encuentroinformativo.com.mx\/index.php?rest_route=\/wp\/v2\/users\/2476"}],"replies":[{"embeddable":true,"href":"https:\/\/encuentroinformativo.com.mx\/index.php?rest_route=%2Fwp%2Fv2%2Fcomments&post=40480"}],"version-history":[{"count":1,"href":"https:\/\/encuentroinformativo.com.mx\/index.php?rest_route=\/wp\/v2\/posts\/40480\/revisions"}],"predecessor-version":[{"id":40482,"href":"https:\/\/encuentroinformativo.com.mx\/index.php?rest_route=\/wp\/v2\/posts\/40480\/revisions\/40482"}],"wp:featuredmedia":[{"embeddable":true,"href":"https:\/\/encuentroinformativo.com.mx\/index.php?rest_route=\/wp\/v2\/media\/40481"}],"wp:attachment":[{"href":"https:\/\/encuentroinformativo.com.mx\/index.php?rest_route=%2Fwp%2Fv2%2Fmedia&parent=40480"}],"wp:term":[{"taxonomy":"category","embeddable":true,"href":"https:\/\/encuentroinformativo.com.mx\/index.php?rest_route=%2Fwp%2Fv2%2Fcategories&post=40480"},{"taxonomy":"post_tag","embeddable":true,"href":"https:\/\/encuentroinformativo.com.mx\/index.php?rest_route=%2Fwp%2Fv2%2Ftags&post=40480"}],"curies":[{"name":"wp","href":"https:\/\/api.w.org\/{rel}","templated":true}]}}