{"id":40486,"date":"2023-05-10T16:15:41","date_gmt":"2023-05-10T22:15:41","guid":{"rendered":"https:\/\/encuentroinformativo.com.mx\/?p=40486"},"modified":"2023-05-10T16:15:44","modified_gmt":"2023-05-10T22:15:44","slug":"en-accidente-en-la-veracruz-cardel-muere-ciclista","status":"publish","type":"post","link":"https:\/\/encuentroinformativo.com.mx\/?p=40486","title":{"rendered":"En accidente en la Veracruz &#8211; Cardel, muere ciclista"},"content":{"rendered":"\n<p><strong>Alejandro \u00c1vila<\/strong><\/p>\n\n\n\n<p><strong>Fotos: <\/strong>Sergio Aldazaba\/Cortes\u00eda <\/p>\n\n\n\n<p>Veracruz, Ver.- Un ciclista que circulaba sobre la carretera Veracruz &#8211; Cardel muri\u00f3 de forma tr\u00e1gica, tras ser atropellado por un tractocami\u00f3n, el cual posteriormente se estrell\u00f3 contra la guarnici\u00f3n y a nada estuvo de salirse del camino.<\/p>\n\n\n\n<p>El deportista de aproximadamente 60 a\u00f1os de edad era continuamente visto por el personal de auxilio en la citada carretera a bordo de su bicicleta; las personas se\u00f1alan que ten\u00eda la costumbre de llegar hasta el municipio de La Antigua y retornar hacia Veracruz.<\/p>\n\n\n\n<p>Los lamentables hechos ocurrieron a ma\u00f1ana de este viernes a la altura de La Catalana, los Testigos se\u00f1alan que el operador de un tracto cami\u00f3n de cabina blanca que remolcaba una tolva amarilla, fue quien provoc\u00f3 el accidente.<\/p>\n\n\n\n<p>Presuntamente, el operador de la unidad se habr\u00eda quedado dormido y esto hizo que maniobrara hacia el lado derecho, llev\u00e1ndose entre las llantas al ciclista sin darse cuenta.<\/p>\n\n\n\n<p>Fue hasta que el chofer se estrell\u00f3 contra la guarnici\u00f3n met\u00e1lica, la cual arranc\u00f3 y arrastr\u00f3 aproximadamente 20 metros, situaci\u00f3n que impidi\u00f3 que la unidad se saliera del camino y volcara.<\/p>\n\n\n\n<p>Param\u00e9dicos pertenecientes a la L\u00ednea Azul fueron quienes acudieron para brindarle los primeros auxilios al ciclista, pero desafortunadamente s\u00f3lo pudieron confirmar que ya no contaba con signos vitales.<\/p>\n\n\n\n<p>Elementos de la Secretar\u00eda de seguridad p\u00fablica realizaron el abanderamiento del lugar del accidente, adem\u00e1s de detener al conductor que fue llevado a la comandancia correspondiente y en pr\u00f3ximas horas habr\u00e1 de ser puesto a disposici\u00f3n de la fiscal\u00eda.<\/p>\n\n\n\n<p>Detectives de la polic\u00eda ministerial abrieron la carpeta correspondiente contra el trailero, en tanto servicios periciales orden\u00f3 el retiro del cuerpo al Semefo, donde se espera pueda ser identificado y reclamado por sus deudos.<\/p>\n\n\n\n<figure class=\"wp-block-image size-large\"><img loading=\"lazy\" decoding=\"async\" width=\"1024\" height=\"678\" src=\"https:\/\/encuentroinformativo.com.mx\/wp-content\/uploads\/2023\/05\/IMG-20230510-WA0103-1024x678.jpg\" alt=\"\" class=\"wp-image-40488\" srcset=\"https:\/\/encuentroinformativo.com.mx\/wp-content\/uploads\/2023\/05\/IMG-20230510-WA0103-1024x678.jpg 1024w, https:\/\/encuentroinformativo.com.mx\/wp-content\/uploads\/2023\/05\/IMG-20230510-WA0103-300x199.jpg 300w, https:\/\/encuentroinformativo.com.mx\/wp-content\/uploads\/2023\/05\/IMG-20230510-WA0103-768x509.jpg 768w, https:\/\/encuentroinformativo.com.mx\/wp-content\/uploads\/2023\/05\/IMG-20230510-WA0103-1536x1018.jpg 1536w, https:\/\/encuentroinformativo.com.mx\/wp-content\/uploads\/2023\/05\/IMG-20230510-WA0103.jpg 1600w\" sizes=\"auto, (max-width: 1024px) 100vw, 1024px\" \/><\/figure>\n","protected":false},"excerpt":{"rendered":"<p>Alejandro \u00c1vila Fotos: Sergio Aldazaba\/Cortes\u00eda Veracruz, Ver.- Un ciclista que circulaba sobre la carretera Veracruz &#8211; Cardel muri\u00f3 de forma tr\u00e1gica, tras ser atropellado por un tractocami\u00f3n, el cual posteriormente se estrell\u00f3 contra la guarnici\u00f3n y a nada estuvo de salirse del camino. El deportista de aproximadamente 60 a\u00f1os de edad era continuamente visto por [&hellip;]<\/p>\n","protected":false},"author":2476,"featured_media":40487,"comment_status":"open","ping_status":"open","sticky":false,"template":"","format":"standard","meta":{"_jetpack_memberships_contains_paid_content":false,"footnotes":""},"categories":[14],"tags":[],"class_list":["post-40486","post","type-post","status-publish","format-standard","has-post-thumbnail","hentry","category-policiaca"],"jetpack_featured_media_url":"https:\/\/encuentroinformativo.com.mx\/wp-content\/uploads\/2023\/05\/IMG-20230510-WA0104.jpg","jetpack_sharing_enabled":true,"jetpack_likes_enabled":true,"amp_enabled":true,"_links":{"self":[{"href":"https:\/\/encuentroinformativo.com.mx\/index.php?rest_route=\/wp\/v2\/posts\/40486","targetHints":{"allow":["GET"]}}],"collection":[{"href":"https:\/\/encuentroinformativo.com.mx\/index.php?rest_route=\/wp\/v2\/posts"}],"about":[{"href":"https:\/\/encuentroinformativo.com.mx\/index.php?rest_route=\/wp\/v2\/types\/post"}],"author":[{"embeddable":true,"href":"https:\/\/encuentroinformativo.com.mx\/index.php?rest_route=\/wp\/v2\/users\/2476"}],"replies":[{"embeddable":true,"href":"https:\/\/encuentroinformativo.com.mx\/index.php?rest_route=%2Fwp%2Fv2%2Fcomments&post=40486"}],"version-history":[{"count":1,"href":"https:\/\/encuentroinformativo.com.mx\/index.php?rest_route=\/wp\/v2\/posts\/40486\/revisions"}],"predecessor-version":[{"id":40489,"href":"https:\/\/encuentroinformativo.com.mx\/index.php?rest_route=\/wp\/v2\/posts\/40486\/revisions\/40489"}],"wp:featuredmedia":[{"embeddable":true,"href":"https:\/\/encuentroinformativo.com.mx\/index.php?rest_route=\/wp\/v2\/media\/40487"}],"wp:attachment":[{"href":"https:\/\/encuentroinformativo.com.mx\/index.php?rest_route=%2Fwp%2Fv2%2Fmedia&parent=40486"}],"wp:term":[{"taxonomy":"category","embeddable":true,"href":"https:\/\/encuentroinformativo.com.mx\/index.php?rest_route=%2Fwp%2Fv2%2Fcategories&post=40486"},{"taxonomy":"post_tag","embeddable":true,"href":"https:\/\/encuentroinformativo.com.mx\/index.php?rest_route=%2Fwp%2Fv2%2Ftags&post=40486"}],"curies":[{"name":"wp","href":"https:\/\/api.w.org\/{rel}","templated":true}]}}