{"id":40490,"date":"2023-05-11T09:51:10","date_gmt":"2023-05-11T15:51:10","guid":{"rendered":"https:\/\/encuentroinformativo.com.mx\/?p=40490"},"modified":"2023-05-11T09:51:14","modified_gmt":"2023-05-11T15:51:14","slug":"se-mantiene-consenso-con-vecinos-de-zonas-de-vias-alternas-en-las-trancas","status":"publish","type":"post","link":"https:\/\/encuentroinformativo.com.mx\/?p=40490","title":{"rendered":"Se mantiene consenso con vecinos de zonas de v\u00edas alternas en Las Trancas"},"content":{"rendered":"\n<p><strong>Dar\u00edo Pale <\/strong><\/p>\n\n\n\n<p>Xalapa, Ver.- Alfonso L\u00f3pez Pineda, jefe de la Unidad de Movilidad Urbana del Ayuntamiento de Xalapa coment\u00f3 que las rutas alternas por la obra de Las Trancas, ya est\u00e1n en consenso con vecinos, adem\u00e1s indic\u00f3 que se han atendido las quejas de los vecinos.<\/p>\n\n\n\n<p>En entrevista, se\u00f1al\u00f3 que en la zona de obra de Las Trancas, hay una atenci\u00f3n permanente a las quejas e inconformidades de los vecinos.<\/p>\n\n\n\n<p>&#8220;Esas colonias tienen un tr\u00e1nsito ligero, muy local, de manera que ahora que se est\u00e1n utilizando como rutas alternas, sienten una molestia porque hay m\u00e1s veh\u00edculos que est\u00e1n circulando, y eso conlleva algunas restricciones en \u00e1reas donde ya no se pueden estacionar y en modificar los sentidos de circulaci\u00f3n de algunas calles&#8221;, se\u00f1al\u00f3.<\/p>\n\n\n\n<p>No obstante, indic\u00f3 que se ha hecho con el consenso de los vecinos y con la aportaci\u00f3n de opini\u00f3n de ellos.<\/p>\n\n\n\n<p>&#8220;En ese sentido, ya se atendi\u00f3 a vecinos de la colonia Xallitic y la Direcci\u00f3n de Tr\u00e1nsito del Estado acudi\u00f3 e instal\u00f3 la se\u00f1al\u00e9tica necesaria para evitar confusiones por donde se debe circular en esa zona&#8221;, coment\u00f3.<\/p>\n\n\n\n<p>El funcionario dio a conocer que se han venido atendiendo y resolviendo problemas que se han venido presentando.<\/p>\n\n\n\n<p>&#8220;Esperemos mantener ese di\u00e1logo con ellos y lo que pudiera venir posterior seguiremos en la comunicaci\u00f3n directa con ellos y hemos tenido respuesta favorable&#8221;, inform\u00f3.<\/p>\n\n\n\n<p>Incluso, refiri\u00f3 que se atiende el tema de maniobras que hacen los constructores y que no estaban consideradas, y que ya est\u00e1n tomando en cuenta la vialidad para evitar que se cierre totalmente la circulaci\u00f3n sobre L\u00e1zaro C\u00e1rdenas.<\/p>\n\n\n\n<p>&#8220;Eso ven\u00eda agravando el problema vial. El constructor estaba cerrando la circulaci\u00f3n a criterio suyo y no en funci\u00f3n del movimiento de la ciudad. La declaraci\u00f3n de las autoridades estatales hab\u00eda sido muy clara, de que va a haber siempre un carril de circulaci\u00f3n en ambas direcciones sobre L\u00e1zaro C\u00e1rdenas&#8221;, dijo en entrevista.<\/p>\n\n\n\n<p>Se\u00f1al\u00f3 que eso se le pide al constructor, que respete, para que la vialidad no se vea colapsada por cierres totales.\u00a0<\/p>\n\n\n\n<p>Finalmente coment\u00f3 que, &#8220;los que est\u00e1n obligados a pasar por ah\u00ed son veh\u00edculos pesados y las rutas de autobuses, si un veh\u00edculo particular decide pasar por ah\u00ed, lo puede hacer, pero lo que no pueden hacer los veh\u00edculos pesados es irse por las rutas alternas, violentando las \u00e1reas locales y de vecinos&#8221;.<\/p>\n","protected":false},"excerpt":{"rendered":"<p>Dar\u00edo Pale Xalapa, Ver.- Alfonso L\u00f3pez Pineda, jefe de la Unidad de Movilidad Urbana del Ayuntamiento de Xalapa coment\u00f3 que las rutas alternas por la obra de Las Trancas, ya est\u00e1n en consenso con vecinos, adem\u00e1s indic\u00f3 que se han atendido las quejas de los vecinos. En entrevista, se\u00f1al\u00f3 que en la zona de obra [&hellip;]<\/p>\n","protected":false},"author":2476,"featured_media":40491,"comment_status":"open","ping_status":"open","sticky":false,"template":"","format":"standard","meta":{"_jetpack_memberships_contains_paid_content":false,"footnotes":""},"categories":[8],"tags":[],"class_list":["post-40490","post","type-post","status-publish","format-standard","has-post-thumbnail","hentry","category-region"],"jetpack_featured_media_url":"https:\/\/encuentroinformativo.com.mx\/wp-content\/uploads\/2023\/05\/IMG-20230510-WA0062.jpg","jetpack_sharing_enabled":true,"jetpack_likes_enabled":true,"amp_enabled":true,"_links":{"self":[{"href":"https:\/\/encuentroinformativo.com.mx\/index.php?rest_route=\/wp\/v2\/posts\/40490","targetHints":{"allow":["GET"]}}],"collection":[{"href":"https:\/\/encuentroinformativo.com.mx\/index.php?rest_route=\/wp\/v2\/posts"}],"about":[{"href":"https:\/\/encuentroinformativo.com.mx\/index.php?rest_route=\/wp\/v2\/types\/post"}],"author":[{"embeddable":true,"href":"https:\/\/encuentroinformativo.com.mx\/index.php?rest_route=\/wp\/v2\/users\/2476"}],"replies":[{"embeddable":true,"href":"https:\/\/encuentroinformativo.com.mx\/index.php?rest_route=%2Fwp%2Fv2%2Fcomments&post=40490"}],"version-history":[{"count":1,"href":"https:\/\/encuentroinformativo.com.mx\/index.php?rest_route=\/wp\/v2\/posts\/40490\/revisions"}],"predecessor-version":[{"id":40492,"href":"https:\/\/encuentroinformativo.com.mx\/index.php?rest_route=\/wp\/v2\/posts\/40490\/revisions\/40492"}],"wp:featuredmedia":[{"embeddable":true,"href":"https:\/\/encuentroinformativo.com.mx\/index.php?rest_route=\/wp\/v2\/media\/40491"}],"wp:attachment":[{"href":"https:\/\/encuentroinformativo.com.mx\/index.php?rest_route=%2Fwp%2Fv2%2Fmedia&parent=40490"}],"wp:term":[{"taxonomy":"category","embeddable":true,"href":"https:\/\/encuentroinformativo.com.mx\/index.php?rest_route=%2Fwp%2Fv2%2Fcategories&post=40490"},{"taxonomy":"post_tag","embeddable":true,"href":"https:\/\/encuentroinformativo.com.mx\/index.php?rest_route=%2Fwp%2Fv2%2Ftags&post=40490"}],"curies":[{"name":"wp","href":"https:\/\/api.w.org\/{rel}","templated":true}]}}