{"id":40493,"date":"2023-05-11T11:07:07","date_gmt":"2023-05-11T17:07:07","guid":{"rendered":"https:\/\/encuentroinformativo.com.mx\/?p=40493"},"modified":"2023-05-11T11:07:11","modified_gmt":"2023-05-11T17:07:11","slug":"choca-trailer-sobre-la-veracruz-cardel","status":"publish","type":"post","link":"https:\/\/encuentroinformativo.com.mx\/?p=40493","title":{"rendered":"Choca tr\u00e1iler sobre la Veracruz &#8211; Cardel"},"content":{"rendered":"\n<p>Veracruz, Ver.- Largas filas de veh\u00edculos se observan la ma\u00f1ana de este jueves sobre la autopista Veracruz &#8211; Cardel debido al percance vial entre dos trailers.<\/p>\n\n\n\n<p>En el accidente tambi\u00e9n result\u00f3 involucrado una unidad de servicio de taxi. Las maniobras para atender el percance mantuvieron detenida la circulaci\u00f3n en el carril con destino a Cardel por varias horas.<\/p>\n\n\n\n<p><strong>Fotos: <\/strong>Alejandro Rosas <\/p>\n\n\n\n<figure class=\"wp-block-image size-large\"><img loading=\"lazy\" decoding=\"async\" width=\"1024\" height=\"537\" src=\"https:\/\/encuentroinformativo.com.mx\/wp-content\/uploads\/2023\/05\/Photo_1683824005142-1024x537.jpg\" alt=\"\" class=\"wp-image-40495\" srcset=\"https:\/\/encuentroinformativo.com.mx\/wp-content\/uploads\/2023\/05\/Photo_1683824005142-1024x537.jpg 1024w, https:\/\/encuentroinformativo.com.mx\/wp-content\/uploads\/2023\/05\/Photo_1683824005142-300x157.jpg 300w, https:\/\/encuentroinformativo.com.mx\/wp-content\/uploads\/2023\/05\/Photo_1683824005142-768x403.jpg 768w, https:\/\/encuentroinformativo.com.mx\/wp-content\/uploads\/2023\/05\/Photo_1683824005142.jpg 1280w\" sizes=\"auto, (max-width: 1024px) 100vw, 1024px\" \/><\/figure>\n","protected":false},"excerpt":{"rendered":"<p>Veracruz, Ver.- Largas filas de veh\u00edculos se observan la ma\u00f1ana de este jueves sobre la autopista Veracruz &#8211; Cardel debido al percance vial entre dos trailers. En el accidente tambi\u00e9n result\u00f3 involucrado una unidad de servicio de taxi. Las maniobras para atender el percance mantuvieron detenida la circulaci\u00f3n en el carril con destino a Cardel [&hellip;]<\/p>\n","protected":false},"author":2476,"featured_media":40494,"comment_status":"open","ping_status":"open","sticky":false,"template":"","format":"standard","meta":{"_jetpack_memberships_contains_paid_content":false,"footnotes":""},"categories":[2],"tags":[],"class_list":["post-40493","post","type-post","status-publish","format-standard","has-post-thumbnail","hentry","category-estado"],"jetpack_featured_media_url":"https:\/\/encuentroinformativo.com.mx\/wp-content\/uploads\/2023\/05\/Photo_1683824075200.jpg","jetpack_sharing_enabled":true,"jetpack_likes_enabled":true,"amp_enabled":true,"_links":{"self":[{"href":"https:\/\/encuentroinformativo.com.mx\/index.php?rest_route=\/wp\/v2\/posts\/40493","targetHints":{"allow":["GET"]}}],"collection":[{"href":"https:\/\/encuentroinformativo.com.mx\/index.php?rest_route=\/wp\/v2\/posts"}],"about":[{"href":"https:\/\/encuentroinformativo.com.mx\/index.php?rest_route=\/wp\/v2\/types\/post"}],"author":[{"embeddable":true,"href":"https:\/\/encuentroinformativo.com.mx\/index.php?rest_route=\/wp\/v2\/users\/2476"}],"replies":[{"embeddable":true,"href":"https:\/\/encuentroinformativo.com.mx\/index.php?rest_route=%2Fwp%2Fv2%2Fcomments&post=40493"}],"version-history":[{"count":1,"href":"https:\/\/encuentroinformativo.com.mx\/index.php?rest_route=\/wp\/v2\/posts\/40493\/revisions"}],"predecessor-version":[{"id":40496,"href":"https:\/\/encuentroinformativo.com.mx\/index.php?rest_route=\/wp\/v2\/posts\/40493\/revisions\/40496"}],"wp:featuredmedia":[{"embeddable":true,"href":"https:\/\/encuentroinformativo.com.mx\/index.php?rest_route=\/wp\/v2\/media\/40494"}],"wp:attachment":[{"href":"https:\/\/encuentroinformativo.com.mx\/index.php?rest_route=%2Fwp%2Fv2%2Fmedia&parent=40493"}],"wp:term":[{"taxonomy":"category","embeddable":true,"href":"https:\/\/encuentroinformativo.com.mx\/index.php?rest_route=%2Fwp%2Fv2%2Fcategories&post=40493"},{"taxonomy":"post_tag","embeddable":true,"href":"https:\/\/encuentroinformativo.com.mx\/index.php?rest_route=%2Fwp%2Fv2%2Ftags&post=40493"}],"curies":[{"name":"wp","href":"https:\/\/api.w.org\/{rel}","templated":true}]}}