{"id":40500,"date":"2023-05-11T12:12:48","date_gmt":"2023-05-11T18:12:48","guid":{"rendered":"https:\/\/encuentroinformativo.com.mx\/?p=40500"},"modified":"2023-05-11T12:12:52","modified_gmt":"2023-05-11T18:12:52","slug":"caida-de-rayos-ocasiono-incendios-forestales-en-zonas-montanosas-pc","status":"publish","type":"post","link":"https:\/\/encuentroinformativo.com.mx\/?p=40500","title":{"rendered":"Ca\u00edda de rayos ocasion\u00f3 incendios forestales en zonas monta\u00f1osas: PC"},"content":{"rendered":"\n<p><strong>Juan Arcos <\/strong><\/p>\n\n\n\n<p>Xalapa, Ver.- Autoridades estatales informaron que la ca\u00edda de rayos por tormentas el\u00e9ctricas provoc\u00f3 dos incendios forestales en la zona monta\u00f1osa central del estado de Veracruz, miamos que contin\u00faan activos.<\/p>\n\n\n\n<p>Uno ocurri\u00f3 en la zona boscosa de las inmediaciones de los municipios de Magdalena y Tequila, y el otro siniestro en el municipio de Omealca.<\/p>\n\n\n\n<p>La Secretar\u00eda de Protecci\u00f3n Civil (PC), a cargo de Guadalupe Osorno Maldonado, dio a conocer que el primer caso ocurri\u00f3 la noche del pasado martes 9 de mayo en el paraje Tlanepaquila, localidad Tepetlatixtla, entre Magdalena y Tequila.<\/p>\n\n\n\n<p>De acuerdo con testimonios de los pobladores, un rayo cay\u00f3 sobre los \u00e1rboles y ocasion\u00f3 el incendio en la zona, situaci\u00f3n que fue confirmada por los brigadistas que recorren la zona para conocer las causas.<\/p>\n\n\n\n<p>La Secretar\u00eda de Medio Ambiente (Sedema), que encabeza Juan Carlos Contreras Bautista, revel\u00f3 que el incendio se reporta controlado al 30 por ciento y liquidado en un 15 por ciento.<br>El siniestro es atendido por brigadas de Sedema, Sembrando Vida, Comisi\u00f3n Nacional Forestal (Conafor) y de los municipios de Tequila, Maltrata y Zongolica.<\/p>\n\n\n\n<p>Magdalena limita al norte con los municipios de Ixtaczoquitl\u00e1n y Tilapan; al sur con Tequila; al este con Ixtaczoquitl\u00e1n; y al oeste con San Andr\u00e9s Tenejapan y Tequila.<\/p>\n\n\n\n<p><strong>OMEALCA ALERTA A POBLADORES<\/strong><\/p>\n\n\n\n<p>Las autoridades tambi\u00e9n alertaron a la poblaci\u00f3n sobre otro incendio forestal en la localidad de Coatica, municipio de Omealca, ubicado tambi\u00e9n en la zona centro del estado de Veracruz.<br>El incendio se reporta activo y es atendido por elementos de Protecci\u00f3n Civil del ayuntamiento de Omealca.<\/p>\n\n\n\n<p>El gobierno local inform\u00f3, a trav\u00e9s de su cuenta oficial de Facebook, que este incendio tambi\u00e9n ocurri\u00f3 a causa de un rayo.<\/p>\n\n\n\n<p>\u201cDerivado del Incendio generado por un rayo en uno de los cerros que colindan con la Comunidad de Coatica Mpio. De Omealca, con Tlacuilola y Real del Monte Municipio de Zongolica, personal de Protecci\u00f3n Civil Municipal realiza monitoreo y evaluaci\u00f3n del riesgo\u201d, se lee en el mensaje publicado alrededor de las 6:00 horas de este jueves.<\/p>\n\n\n\n<p>El ayuntamiento de Omealca pidi\u00f3 a la poblaci\u00f3n conservar la calma y mantenerse informada a trav\u00e9s de los comunicados oficiales emitidos a trav\u00e9s de esta instituci\u00f3n y Protecci\u00f3n Civil regional.<\/p>\n\n\n\n<figure class=\"wp-block-image size-large\"><img loading=\"lazy\" decoding=\"async\" width=\"1024\" height=\"768\" src=\"https:\/\/encuentroinformativo.com.mx\/wp-content\/uploads\/2023\/05\/6884e781-b813-4b40-b47c-b4cceb164bef-1024x768.jpg\" alt=\"\" class=\"wp-image-40502\" srcset=\"https:\/\/encuentroinformativo.com.mx\/wp-content\/uploads\/2023\/05\/6884e781-b813-4b40-b47c-b4cceb164bef-1024x768.jpg 1024w, https:\/\/encuentroinformativo.com.mx\/wp-content\/uploads\/2023\/05\/6884e781-b813-4b40-b47c-b4cceb164bef-300x225.jpg 300w, https:\/\/encuentroinformativo.com.mx\/wp-content\/uploads\/2023\/05\/6884e781-b813-4b40-b47c-b4cceb164bef-768x576.jpg 768w, https:\/\/encuentroinformativo.com.mx\/wp-content\/uploads\/2023\/05\/6884e781-b813-4b40-b47c-b4cceb164bef.jpg 1280w\" sizes=\"auto, (max-width: 1024px) 100vw, 1024px\" \/><\/figure>\n","protected":false},"excerpt":{"rendered":"<p>Juan Arcos Xalapa, Ver.- Autoridades estatales informaron que la ca\u00edda de rayos por tormentas el\u00e9ctricas provoc\u00f3 dos incendios forestales en la zona monta\u00f1osa central del estado de Veracruz, miamos que contin\u00faan activos. Uno ocurri\u00f3 en la zona boscosa de las inmediaciones de los municipios de Magdalena y Tequila, y el otro siniestro en el municipio [&hellip;]<\/p>\n","protected":false},"author":2476,"featured_media":40501,"comment_status":"open","ping_status":"open","sticky":false,"template":"","format":"standard","meta":{"_jetpack_memberships_contains_paid_content":false,"footnotes":""},"categories":[2],"tags":[],"class_list":["post-40500","post","type-post","status-publish","format-standard","has-post-thumbnail","hentry","category-estado"],"jetpack_featured_media_url":"https:\/\/encuentroinformativo.com.mx\/wp-content\/uploads\/2023\/05\/803c4da6-9888-4937-b94c-ed0947cbf5ce.jpg","jetpack_sharing_enabled":true,"jetpack_likes_enabled":true,"amp_enabled":true,"_links":{"self":[{"href":"https:\/\/encuentroinformativo.com.mx\/index.php?rest_route=\/wp\/v2\/posts\/40500","targetHints":{"allow":["GET"]}}],"collection":[{"href":"https:\/\/encuentroinformativo.com.mx\/index.php?rest_route=\/wp\/v2\/posts"}],"about":[{"href":"https:\/\/encuentroinformativo.com.mx\/index.php?rest_route=\/wp\/v2\/types\/post"}],"author":[{"embeddable":true,"href":"https:\/\/encuentroinformativo.com.mx\/index.php?rest_route=\/wp\/v2\/users\/2476"}],"replies":[{"embeddable":true,"href":"https:\/\/encuentroinformativo.com.mx\/index.php?rest_route=%2Fwp%2Fv2%2Fcomments&post=40500"}],"version-history":[{"count":1,"href":"https:\/\/encuentroinformativo.com.mx\/index.php?rest_route=\/wp\/v2\/posts\/40500\/revisions"}],"predecessor-version":[{"id":40503,"href":"https:\/\/encuentroinformativo.com.mx\/index.php?rest_route=\/wp\/v2\/posts\/40500\/revisions\/40503"}],"wp:featuredmedia":[{"embeddable":true,"href":"https:\/\/encuentroinformativo.com.mx\/index.php?rest_route=\/wp\/v2\/media\/40501"}],"wp:attachment":[{"href":"https:\/\/encuentroinformativo.com.mx\/index.php?rest_route=%2Fwp%2Fv2%2Fmedia&parent=40500"}],"wp:term":[{"taxonomy":"category","embeddable":true,"href":"https:\/\/encuentroinformativo.com.mx\/index.php?rest_route=%2Fwp%2Fv2%2Fcategories&post=40500"},{"taxonomy":"post_tag","embeddable":true,"href":"https:\/\/encuentroinformativo.com.mx\/index.php?rest_route=%2Fwp%2Fv2%2Ftags&post=40500"}],"curies":[{"name":"wp","href":"https:\/\/api.w.org\/{rel}","templated":true}]}}