{"id":40507,"date":"2023-05-11T13:52:51","date_gmt":"2023-05-11T19:52:51","guid":{"rendered":"https:\/\/encuentroinformativo.com.mx\/?p=40507"},"modified":"2023-05-11T13:52:54","modified_gmt":"2023-05-11T19:52:54","slug":"chacaltianguis-busca-exportar-mango-manila-a-brasil-y-estados-unidos","status":"publish","type":"post","link":"https:\/\/encuentroinformativo.com.mx\/?p=40507","title":{"rendered":"Chacaltianguis busca exportar mango manila a Brasil y Estados Unidos"},"content":{"rendered":"\n<p><strong>Alejandro \u00c1vila<\/strong><\/p>\n\n\n\n<p>Veracruz, Ver.- La alcaldesa de Chacaltianguis, Bertha Mu\u00f1oz Torres, mencion\u00f3 que se encuentran trabajando en un programa para recuperar la producci\u00f3n de mango manila en el municipio, posteriormente, dijo que se buscar\u00e1 exportar el producto a pa\u00edses como Brasil y Estados Unidos.<\/p>\n\n\n\n<p>La edil reconoci\u00f3 que Chacaltianguis dej\u00f3 de ser uno de los principales productores de mango manila en Veracruz, y por ello se encuentran en etapa de recuperaci\u00f3n, estiman que en este 2023 puedan producir 2 mil toneladas.<\/p>\n\n\n\n<p>&#8220;No, vamos a iniciar porque esto es un proceso, nuestro mango ahorita est\u00e1 en la etapa de saneaci\u00f3n, estamos trabajando con saneaci\u00f3n vegetal, porque Chacaltianguis en su momento hab\u00eda estado olvidado en el tema de mango manila. El a\u00f1o pasado empezamos con los riegos, la fertilizaci\u00f3n de estos \u00e1rboles para empezar a producir y que realmente Chacaltianguis regrese a lo que en un momento era, y para que tenga la calidad del producto&#8221;.<\/p>\n\n\n\n<p>&#8220;Tenemos pensado trabajar con Brasil y Estados Unidos, es lo que estamos pensando y es lo que estamos buscando, y es lo que hemos estado trabajando con SEDARPA, SAGARPA, con todas estas direcciones de Gobierno del Estado que nos est\u00e1n apoyando para el tema de sanidad y la producci\u00f3n del mango (\u2026) el pr\u00f3ximo a\u00f1o, primeramente Dios, podr\u00eda hacerse realidad&#8221;, recalc\u00f3 la presidenta municipal.<\/p>\n\n\n\n<p>Bertha Mu\u00f1oz estuvo de visita en el puerto de Veracruz para promocionar la Feria del Mango, misma que se llevar\u00e1 a cabo del 19 al 22 de mayo.<\/p>\n\n\n\n<p>En dicho evento se presentar\u00e1n en el Teatro del Pueblo, Roberto Montalvo, imitador de Juan Gabriel el d\u00eda 19; Chico Che el chico con la Orquesta Moscovita el d\u00eda 20; mientras que el d\u00eda 21 de mayo se presentar\u00e1 Grupo Palomo.<\/p>\n\n\n\n<p>Se estima que para el evento se tenga una afluencia superior a las 8 mil personas, misma que deje una derrama econ\u00f3mica importante para el municipio.<\/p>\n","protected":false},"excerpt":{"rendered":"<p>Alejandro \u00c1vila Veracruz, Ver.- La alcaldesa de Chacaltianguis, Bertha Mu\u00f1oz Torres, mencion\u00f3 que se encuentran trabajando en un programa para recuperar la producci\u00f3n de mango manila en el municipio, posteriormente, dijo que se buscar\u00e1 exportar el producto a pa\u00edses como Brasil y Estados Unidos. La edil reconoci\u00f3 que Chacaltianguis dej\u00f3 de ser uno de los [&hellip;]<\/p>\n","protected":false},"author":2476,"featured_media":40508,"comment_status":"open","ping_status":"open","sticky":false,"template":"","format":"standard","meta":{"_jetpack_memberships_contains_paid_content":false,"footnotes":""},"categories":[2],"tags":[],"class_list":["post-40507","post","type-post","status-publish","format-standard","has-post-thumbnail","hentry","category-estado"],"jetpack_featured_media_url":"https:\/\/encuentroinformativo.com.mx\/wp-content\/uploads\/2023\/05\/IMG-20230511-WA00592.jpg","jetpack_sharing_enabled":true,"jetpack_likes_enabled":true,"amp_enabled":true,"_links":{"self":[{"href":"https:\/\/encuentroinformativo.com.mx\/index.php?rest_route=\/wp\/v2\/posts\/40507","targetHints":{"allow":["GET"]}}],"collection":[{"href":"https:\/\/encuentroinformativo.com.mx\/index.php?rest_route=\/wp\/v2\/posts"}],"about":[{"href":"https:\/\/encuentroinformativo.com.mx\/index.php?rest_route=\/wp\/v2\/types\/post"}],"author":[{"embeddable":true,"href":"https:\/\/encuentroinformativo.com.mx\/index.php?rest_route=\/wp\/v2\/users\/2476"}],"replies":[{"embeddable":true,"href":"https:\/\/encuentroinformativo.com.mx\/index.php?rest_route=%2Fwp%2Fv2%2Fcomments&post=40507"}],"version-history":[{"count":1,"href":"https:\/\/encuentroinformativo.com.mx\/index.php?rest_route=\/wp\/v2\/posts\/40507\/revisions"}],"predecessor-version":[{"id":40509,"href":"https:\/\/encuentroinformativo.com.mx\/index.php?rest_route=\/wp\/v2\/posts\/40507\/revisions\/40509"}],"wp:featuredmedia":[{"embeddable":true,"href":"https:\/\/encuentroinformativo.com.mx\/index.php?rest_route=\/wp\/v2\/media\/40508"}],"wp:attachment":[{"href":"https:\/\/encuentroinformativo.com.mx\/index.php?rest_route=%2Fwp%2Fv2%2Fmedia&parent=40507"}],"wp:term":[{"taxonomy":"category","embeddable":true,"href":"https:\/\/encuentroinformativo.com.mx\/index.php?rest_route=%2Fwp%2Fv2%2Fcategories&post=40507"},{"taxonomy":"post_tag","embeddable":true,"href":"https:\/\/encuentroinformativo.com.mx\/index.php?rest_route=%2Fwp%2Fv2%2Ftags&post=40507"}],"curies":[{"name":"wp","href":"https:\/\/api.w.org\/{rel}","templated":true}]}}