{"id":40510,"date":"2023-05-11T15:19:05","date_gmt":"2023-05-11T21:19:05","guid":{"rendered":"https:\/\/encuentroinformativo.com.mx\/?p=40510"},"modified":"2023-05-11T15:19:09","modified_gmt":"2023-05-11T21:19:09","slug":"pacientes-denuncian-falta-de-aire-acondicionado-en-imss-del-puerto-de-veracruz","status":"publish","type":"post","link":"https:\/\/encuentroinformativo.com.mx\/?p=40510","title":{"rendered":"Pacientes denuncian falta de aire acondicionado en IMSS del Puerto de Veracruz"},"content":{"rendered":"\n<p><strong>Alejandro \u00c1vila<\/strong><\/p>\n\n\n\n<p>Veracruz, Ver.- Familiares y pacientes de la Unidad M\u00e9dica de Alta Especialidad (UMAE) 14, del Instituto Mexicano del Seguro Social (IMSS), ubicado en la avenida Cuauht\u00e9moc del Puerto de Veracruz, denuncian la falta de aire acondicionado en el hospital, situaci\u00f3n que ha tra\u00eddo varios problemas a los enfermos.<\/p>\n\n\n\n<p>Los afectados se\u00f1alan que el aire acondicionado lleva semanas sin funcionar, por lo que piden a las autoridades pertinentes solucionar el problema.<\/p>\n\n\n\n<p>Es de mencionar que, durante los \u00faltimos d\u00edas han aumentado las temperaturas en la ciudad de Veracruz, por lo que al estar encerrados en el hospital les ha resultado insoportable el recibir un tratamiento o esperar a sus familiares enfermos.<\/p>\n\n\n\n<p>Uno de los problemas se dio con un paciente que se encuentra internado en el tercer piso de cirug\u00eda, al cual ya le han salido \u201cronchas\u201d en la piel a causa del calor y de estar acostada.&nbsp;<\/p>\n\n\n\n<p>\u201cLlega la supervisi\u00f3n y no hace caso y dicen que no hay quejas de parte de los pacientes, y quiz\u00e1 por temor no lo hacen. Que esa queja, debe quedar con las encargadas de recibir quejas\u201d.&nbsp;<\/p>\n\n\n\n<p>Se\u00f1alan que hay pacientes que cuentan con hasta tres meses que, por enfermedad tiene que estar internados, y que han sufrido la falta de aire acondicionado.<\/p>\n\n\n\n<p>Se\u00f1alan los denunciantes que, ya hay riesgo de que aparezcan infecciones por las altas temperaturas, por lo que hay peligro de mas enfermedades.<\/p>\n\n\n\n<p>\u201cLa atenci\u00f3n m\u00e9dica de enfermer\u00eda, camilleros, intendencia, cocina, sin problema, muy buena atenci\u00f3n, por eso hago del dominio p\u00fablico, que estas temperaturas ya elevadas son riesgo de infecci\u00f3n en los pacientes post operados\u201d.<\/p>\n","protected":false},"excerpt":{"rendered":"<p>Alejandro \u00c1vila Veracruz, Ver.- Familiares y pacientes de la Unidad M\u00e9dica de Alta Especialidad (UMAE) 14, del Instituto Mexicano del Seguro Social (IMSS), ubicado en la avenida Cuauht\u00e9moc del Puerto de Veracruz, denuncian la falta de aire acondicionado en el hospital, situaci\u00f3n que ha tra\u00eddo varios problemas a los enfermos. Los afectados se\u00f1alan que el [&hellip;]<\/p>\n","protected":false},"author":2476,"featured_media":40511,"comment_status":"open","ping_status":"open","sticky":false,"template":"","format":"standard","meta":{"_jetpack_memberships_contains_paid_content":false,"footnotes":""},"categories":[9],"tags":[],"class_list":["post-40510","post","type-post","status-publish","format-standard","has-post-thumbnail","hentry","category-salud"],"jetpack_featured_media_url":"https:\/\/encuentroinformativo.com.mx\/wp-content\/uploads\/2023\/05\/IMG-20230511-WA0095.jpg","jetpack_sharing_enabled":true,"jetpack_likes_enabled":true,"amp_enabled":true,"_links":{"self":[{"href":"https:\/\/encuentroinformativo.com.mx\/index.php?rest_route=\/wp\/v2\/posts\/40510","targetHints":{"allow":["GET"]}}],"collection":[{"href":"https:\/\/encuentroinformativo.com.mx\/index.php?rest_route=\/wp\/v2\/posts"}],"about":[{"href":"https:\/\/encuentroinformativo.com.mx\/index.php?rest_route=\/wp\/v2\/types\/post"}],"author":[{"embeddable":true,"href":"https:\/\/encuentroinformativo.com.mx\/index.php?rest_route=\/wp\/v2\/users\/2476"}],"replies":[{"embeddable":true,"href":"https:\/\/encuentroinformativo.com.mx\/index.php?rest_route=%2Fwp%2Fv2%2Fcomments&post=40510"}],"version-history":[{"count":1,"href":"https:\/\/encuentroinformativo.com.mx\/index.php?rest_route=\/wp\/v2\/posts\/40510\/revisions"}],"predecessor-version":[{"id":40512,"href":"https:\/\/encuentroinformativo.com.mx\/index.php?rest_route=\/wp\/v2\/posts\/40510\/revisions\/40512"}],"wp:featuredmedia":[{"embeddable":true,"href":"https:\/\/encuentroinformativo.com.mx\/index.php?rest_route=\/wp\/v2\/media\/40511"}],"wp:attachment":[{"href":"https:\/\/encuentroinformativo.com.mx\/index.php?rest_route=%2Fwp%2Fv2%2Fmedia&parent=40510"}],"wp:term":[{"taxonomy":"category","embeddable":true,"href":"https:\/\/encuentroinformativo.com.mx\/index.php?rest_route=%2Fwp%2Fv2%2Fcategories&post=40510"},{"taxonomy":"post_tag","embeddable":true,"href":"https:\/\/encuentroinformativo.com.mx\/index.php?rest_route=%2Fwp%2Fv2%2Ftags&post=40510"}],"curies":[{"name":"wp","href":"https:\/\/api.w.org\/{rel}","templated":true}]}}