{"id":40513,"date":"2023-05-11T15:21:33","date_gmt":"2023-05-11T21:21:33","guid":{"rendered":"https:\/\/encuentroinformativo.com.mx\/?p=40513"},"modified":"2023-05-11T15:21:37","modified_gmt":"2023-05-11T21:21:37","slug":"urge-que-veracruz-se-sume-a-la-ley-3-de-3-afirma-diputada","status":"publish","type":"post","link":"https:\/\/encuentroinformativo.com.mx\/?p=40513","title":{"rendered":"Urge que Veracruz se sume a la Ley 3 de 3, afirma diputada"},"content":{"rendered":"\n<p><strong>Alejandro \u00c1vila<\/strong><\/p>\n\n\n\n<p>Veracruz, Ver.- La diputada local, Anil\u00fa Ingram Vallines, se\u00f1al\u00f3 que es urgente que el Congreso de Veracruz se sume a la aprobaci\u00f3n de la ley tres de tres, para de esta manera frenar la violencia de g\u00e9nero.<\/p>\n\n\n\n<p>A nombre del Grupo Legislativo del PRI, la jarocha exhort\u00f3 a sus compa\u00f1eros diputados a que agilicen la aprobaci\u00f3n, con la finalidad debe tener a agresores sexuales, violentadores y deudores alimentarios puedan estar en puestos de poder.&nbsp;<\/p>\n\n\n\n<p>\u201cVeracruz tiene hoy la oportunidad hist\u00f3rica de sumar al triunfo de las mujeres y del feminismo si aprobamos ya la Ley 3 de 3 contra la violencia e impedir que los agresores culpables de delitos sexuales, los sentenciados por violencia familiar y\/o quienes no pagan pensi\u00f3n est\u00e9n en el poder\u201d, asegur\u00f3 Ingram Vallines.&nbsp;<\/p>\n\n\n\n<p>Esto lo expres\u00f3 la diputada local al referirse a la solicitud que junto a sus compa\u00f1eros Arianna \u00c1ngeles Aguirre y Marlon Ram\u00edrez Mar\u00edn realizaron a la Mesa Directiva del Congreso Local, a que registre, de manera prioritaria, en el orden de la pr\u00f3xima sesi\u00f3n ordinaria, la minuta con proyecto de decreto remitida por el Congreso de la Uni\u00f3n, para establecer la Ley 3 de 3 contra la violencia hacia las mujeres.&nbsp;<\/p>\n\n\n\n<p>La diputada Ingram Vallines dijo se trata de una reforma y adici\u00f3n a los art\u00edculos 38 y 102 de nuestra Constituci\u00f3n con la cual se suspenden derechos para ocupar cargo, empleo o comisi\u00f3n del servicio p\u00fablico a quien cometa violencia de g\u00e9nero, adem\u00e1s expres\u00f3 que espera Veracruz sea de los primeros 17 congresos que aprueben esta reforma.<\/p>\n\n\n\n<p>\u201cCon la Ley 3 de 3 contra violentadores, no podr\u00e1n ser candidatos, servidores p\u00fablicos ni ocupar cargos de elecci\u00f3n. Va con dedicatoria a quienes son agresores culpables de delitos sexuales, sentenciados por violencia familiar y quienes no pagan pensi\u00f3n alimenticia. Y aplica tambi\u00e9n para el Poder Judicial y las Fiscal\u00edas\u201d, puntualiz\u00f3 la diputada priista.<\/p>\n\n\n\n<p>Para finalizar reconoci\u00f3 la gran labor que realiza la defensora de los Derechos Humanos y Activista, Yndira Sandoval, impulsora de esta iniciativa y expres\u00f3 que conf\u00eda en que todas y todos los diputados locales voten por unanimidad y as\u00ed se est\u00e9 a la altura que demanda la emergencia nacional que atenta contra las mujeres, las ni\u00f1as y los ni\u00f1os.<\/p>\n","protected":false},"excerpt":{"rendered":"<p>Alejandro \u00c1vila Veracruz, Ver.- La diputada local, Anil\u00fa Ingram Vallines, se\u00f1al\u00f3 que es urgente que el Congreso de Veracruz se sume a la aprobaci\u00f3n de la ley tres de tres, para de esta manera frenar la violencia de g\u00e9nero. A nombre del Grupo Legislativo del PRI, la jarocha exhort\u00f3 a sus compa\u00f1eros diputados a que [&hellip;]<\/p>\n","protected":false},"author":2476,"featured_media":40514,"comment_status":"open","ping_status":"open","sticky":false,"template":"","format":"standard","meta":{"_jetpack_memberships_contains_paid_content":false,"footnotes":""},"categories":[2],"tags":[],"class_list":["post-40513","post","type-post","status-publish","format-standard","has-post-thumbnail","hentry","category-estado"],"jetpack_featured_media_url":"https:\/\/encuentroinformativo.com.mx\/wp-content\/uploads\/2023\/05\/IMG-20230511-WA0097.jpg","jetpack_sharing_enabled":true,"jetpack_likes_enabled":true,"amp_enabled":true,"_links":{"self":[{"href":"https:\/\/encuentroinformativo.com.mx\/index.php?rest_route=\/wp\/v2\/posts\/40513","targetHints":{"allow":["GET"]}}],"collection":[{"href":"https:\/\/encuentroinformativo.com.mx\/index.php?rest_route=\/wp\/v2\/posts"}],"about":[{"href":"https:\/\/encuentroinformativo.com.mx\/index.php?rest_route=\/wp\/v2\/types\/post"}],"author":[{"embeddable":true,"href":"https:\/\/encuentroinformativo.com.mx\/index.php?rest_route=\/wp\/v2\/users\/2476"}],"replies":[{"embeddable":true,"href":"https:\/\/encuentroinformativo.com.mx\/index.php?rest_route=%2Fwp%2Fv2%2Fcomments&post=40513"}],"version-history":[{"count":1,"href":"https:\/\/encuentroinformativo.com.mx\/index.php?rest_route=\/wp\/v2\/posts\/40513\/revisions"}],"predecessor-version":[{"id":40515,"href":"https:\/\/encuentroinformativo.com.mx\/index.php?rest_route=\/wp\/v2\/posts\/40513\/revisions\/40515"}],"wp:featuredmedia":[{"embeddable":true,"href":"https:\/\/encuentroinformativo.com.mx\/index.php?rest_route=\/wp\/v2\/media\/40514"}],"wp:attachment":[{"href":"https:\/\/encuentroinformativo.com.mx\/index.php?rest_route=%2Fwp%2Fv2%2Fmedia&parent=40513"}],"wp:term":[{"taxonomy":"category","embeddable":true,"href":"https:\/\/encuentroinformativo.com.mx\/index.php?rest_route=%2Fwp%2Fv2%2Fcategories&post=40513"},{"taxonomy":"post_tag","embeddable":true,"href":"https:\/\/encuentroinformativo.com.mx\/index.php?rest_route=%2Fwp%2Fv2%2Ftags&post=40513"}],"curies":[{"name":"wp","href":"https:\/\/api.w.org\/{rel}","templated":true}]}}