{"id":40516,"date":"2023-05-11T15:44:43","date_gmt":"2023-05-11T21:44:43","guid":{"rendered":"https:\/\/encuentroinformativo.com.mx\/?p=40516"},"modified":"2023-05-11T15:44:47","modified_gmt":"2023-05-11T21:44:47","slug":"atentado-en-papantla-deja-una-persona-muerta-y-una-mujer-herida-de-bala","status":"publish","type":"post","link":"https:\/\/encuentroinformativo.com.mx\/?p=40516","title":{"rendered":"Atentado en Papantla deja una persona muerta y una mujer herida de bala"},"content":{"rendered":"\n<p><strong>Alejandro \u00c1vila<\/strong><\/p>\n\n\n\n<p>Papantla, Ver.- Un atentado en el municipio de Papantla dej\u00f3 como saldo una persona muerta, una mujer herida de bala y otro sujeto m\u00e1s con crisis nerviosa.<\/p>\n\n\n\n<p>Los hechos ocurrieron la ma\u00f1ana de este jueves sobre la carretera Poza Rica &#8211; San Andr\u00e9s, a la altura de la localidad Ojital Viejo; tras darse a conocer el atentado, una fuerte movilizaci\u00f3n policiaca se registr\u00f3 en la zona.<\/p>\n\n\n\n<p>Seg\u00fan los testigos, un veh\u00edculo marca Pontiac color azul fue emboscado y baleado; el conductor del veh\u00edculo muri\u00f3 al instante, mientras que una mujer recibi\u00f3 un disparo en el rostro, misma que tuvo que ser trasladada a un hospital, un sujeto m\u00e1s fue atendido por crisis nerviosa.<\/p>\n\n\n\n<p>El \u00e1rea fue acordonada por elementos de la Polic\u00eda Estatal, y minutos m\u00e1s tarde se dio a conocer que el conductor fue identificado como Roberto &#8220;N&#8221;, mientras que la mujer lesionada responde al nombre de Marta Laura.<\/p>\n\n\n\n<p>Elementos de la Secretaria de Seguridad P\u00fablica Estatal y Municipal implementaron un fuerte operativo para tratar de dar con los responsables, mientras que un helic\u00f3ptero de la Fuerza Civil tambi\u00e9n sobrevol\u00f3 la zona; sin embargo, hasta el momento no se ha podido dar con los responsables del atentado.<\/p>\n\n\n\n<figure class=\"wp-block-image size-large\"><img loading=\"lazy\" decoding=\"async\" width=\"1024\" height=\"768\" src=\"https:\/\/encuentroinformativo.com.mx\/wp-content\/uploads\/2023\/05\/IMG-20230511-WA0109-1024x768.jpg\" alt=\"\" class=\"wp-image-40518\" srcset=\"https:\/\/encuentroinformativo.com.mx\/wp-content\/uploads\/2023\/05\/IMG-20230511-WA0109-1024x768.jpg 1024w, https:\/\/encuentroinformativo.com.mx\/wp-content\/uploads\/2023\/05\/IMG-20230511-WA0109-300x225.jpg 300w, https:\/\/encuentroinformativo.com.mx\/wp-content\/uploads\/2023\/05\/IMG-20230511-WA0109-768x576.jpg 768w, https:\/\/encuentroinformativo.com.mx\/wp-content\/uploads\/2023\/05\/IMG-20230511-WA0109.jpg 1280w\" sizes=\"auto, (max-width: 1024px) 100vw, 1024px\" \/><\/figure>\n","protected":false},"excerpt":{"rendered":"<p>Alejandro \u00c1vila Papantla, Ver.- Un atentado en el municipio de Papantla dej\u00f3 como saldo una persona muerta, una mujer herida de bala y otro sujeto m\u00e1s con crisis nerviosa. Los hechos ocurrieron la ma\u00f1ana de este jueves sobre la carretera Poza Rica &#8211; San Andr\u00e9s, a la altura de la localidad Ojital Viejo; tras darse [&hellip;]<\/p>\n","protected":false},"author":2476,"featured_media":40517,"comment_status":"open","ping_status":"open","sticky":false,"template":"","format":"standard","meta":{"_jetpack_memberships_contains_paid_content":false,"footnotes":""},"categories":[14],"tags":[],"class_list":["post-40516","post","type-post","status-publish","format-standard","has-post-thumbnail","hentry","category-policiaca"],"jetpack_featured_media_url":"https:\/\/encuentroinformativo.com.mx\/wp-content\/uploads\/2023\/05\/IMG-20230511-WA0110.jpg","jetpack_sharing_enabled":true,"jetpack_likes_enabled":true,"amp_enabled":true,"_links":{"self":[{"href":"https:\/\/encuentroinformativo.com.mx\/index.php?rest_route=\/wp\/v2\/posts\/40516","targetHints":{"allow":["GET"]}}],"collection":[{"href":"https:\/\/encuentroinformativo.com.mx\/index.php?rest_route=\/wp\/v2\/posts"}],"about":[{"href":"https:\/\/encuentroinformativo.com.mx\/index.php?rest_route=\/wp\/v2\/types\/post"}],"author":[{"embeddable":true,"href":"https:\/\/encuentroinformativo.com.mx\/index.php?rest_route=\/wp\/v2\/users\/2476"}],"replies":[{"embeddable":true,"href":"https:\/\/encuentroinformativo.com.mx\/index.php?rest_route=%2Fwp%2Fv2%2Fcomments&post=40516"}],"version-history":[{"count":1,"href":"https:\/\/encuentroinformativo.com.mx\/index.php?rest_route=\/wp\/v2\/posts\/40516\/revisions"}],"predecessor-version":[{"id":40519,"href":"https:\/\/encuentroinformativo.com.mx\/index.php?rest_route=\/wp\/v2\/posts\/40516\/revisions\/40519"}],"wp:featuredmedia":[{"embeddable":true,"href":"https:\/\/encuentroinformativo.com.mx\/index.php?rest_route=\/wp\/v2\/media\/40517"}],"wp:attachment":[{"href":"https:\/\/encuentroinformativo.com.mx\/index.php?rest_route=%2Fwp%2Fv2%2Fmedia&parent=40516"}],"wp:term":[{"taxonomy":"category","embeddable":true,"href":"https:\/\/encuentroinformativo.com.mx\/index.php?rest_route=%2Fwp%2Fv2%2Fcategories&post=40516"},{"taxonomy":"post_tag","embeddable":true,"href":"https:\/\/encuentroinformativo.com.mx\/index.php?rest_route=%2Fwp%2Fv2%2Ftags&post=40516"}],"curies":[{"name":"wp","href":"https:\/\/api.w.org\/{rel}","templated":true}]}}